{"id":9023,"date":"2021-05-05T10:54:10","date_gmt":"2021-05-05T08:54:10","guid":{"rendered":"https:\/\/www.info.hazu.hr\/?p=9023"},"modified":"2021-05-05T10:56:23","modified_gmt":"2021-05-05T08:56:23","slug":"11-dani-ede-murtica-100-godina-od-slikareva-rodenja","status":"publish","type":"post","link":"https:\/\/www.info.hazu.hr\/en\/2021\/05\/11-dani-ede-murtica-100-godina-od-slikareva-rodenja\/","title":{"rendered":"11. Dani Ede Murti\u0107a \u2013 100 godina od slikareva ro\u0111enja"},"content":{"rendered":"<p>Pod pokroviteljstvom Hrvatske akademije znanosti i umjetnosti u utorak 4. svibnja 2021. u Velikoj Pisanici su odr\u017eani 11. Dani Ede Murti\u0107a te je obilje\u017eena 100. godi\u0161njica ro\u0111enja ovog istaknutog hrvatskog slikara i redovitog \u010dlana HAZU. U zgradi Op\u0107ine Velika Pisanica otvorena je izlo\u017eba crte\u017ea studenata Akademije likovnih umjetnosti, odnosno sudionika u projektu \u201eZavi\u010dajni i iskustveni prostor Ede Murti\u0107a\u201c pod mentorstvom akademika Zlatka Kesera i asistentice Gordane Baki\u0107 Vlahov.<br \/>\nKulturna manifestacija Dani Ede Murti\u0107a kontinuirano se odr\u017eava u rodnom mjestu Ede Murti\u0107a u Velikoj Pisanici, kao i na Akademiji likovnih umjetnosti u Zagrebu. Akademik Edo Murti\u0107 jedan je od najva\u017enijih hrvatskih slikara 20. stolje\u0107a, a recepcija njegova djela i u svijetu je velika, o \u010demu najbolje govore samostalne izlo\u017ebe u presti\u017enim muzejima i galerijama \u0161irom svijeta. Ovome u prilog ide i \u010dinjenica da se slikareva djela nalaze u fundusima najuglednijih muzeja i galerija. O njegovom slikarstvu pisali su brojni autoriteti iz povijesti umjetnosti i likovne kritike, jednako, u Italiji, Francuskoj, Austriji, Njema\u010dkoj, Sloveniji, \u0160panjolskoj, SAD-u, Rusiji i drugdje. Prigodnim katalogom koji je u pripremi prikazat \u0107e se dosada\u0161nja djelatnost manifestacije Dani Ede Murti\u0107a koja se ne temelji na pukom memoriranju slikareva ro\u0111endana niti mistificiranju zavi\u010dajnog prostora, jer je to tek uvod za stvarala\u010dki proces u projektu \u201eZavi\u010dajni i iskustveni prostor Ede Murti\u0107a\u201c.<\/p>\n<p><img loading=\"lazy\" class=\"alignnone  wp-image-9029\" src=\"https:\/\/www.info.hazu.hr\/wp-content\/uploads\/2021\/05\/murtic-1-e1620204947681-300x152.jpg\" alt=\"\" width=\"478\" height=\"242\" srcset=\"https:\/\/www.info.hazu.hr\/wp-content\/uploads\/2021\/05\/murtic-1-e1620204947681-300x152.jpg 300w, https:\/\/www.info.hazu.hr\/wp-content\/uploads\/2021\/05\/murtic-1-e1620204947681-768x390.jpg 768w, https:\/\/www.info.hazu.hr\/wp-content\/uploads\/2021\/05\/murtic-1-e1620204947681.jpg 1008w\" sizes=\"(max-width: 478px) 100vw, 478px\" \/><br \/>\nIzlo\u017ebu je u pratnji Murti\u0107eve supruge, Goranke Vrus Murti\u0107 otvorio predsjednik HAZU akademik Velimir Neidhardt koji je polo\u017eio i vijenac na Murti\u0107evoj rodnoj ku\u0107i.<br \/>\n&#8220;Ovo je manifestacija iznimnog sje\u0107anja na \u010dovjeka koji je stvorio slikarski svijet nezabilje\u017een na ovim prostorima. Edo Murti\u0107 je bio na\u0161 \u010dlan i zbog toga smo u Hrvatskoj akademiji znanosti i umjetnosti izuzetno ponosni. Iz Murti\u0107a su izvirali \u017eivot, umjetnost i anga\u017eiranost. Upravo po tome smo ga cijenili i smatrali fantasti\u010dnim \u010dovjekom. Murti\u0107 nam je ostavio jedan od najmarkantnijih opusa umjetnosti 20. stolje\u0107a i na tome mu od srca hvala&#8221;, istaknuo je akademik Neidhardt.<\/p>\n","protected":false},"excerpt":{"rendered":"<p>Pod pokroviteljstvom Hrvatske akademije znanosti i umjetnosti u utorak 4. svibnja 2021. u Velikoj Pisanici su odr\u017eani 11. Dani Ede Murti\u0107a te je obilje\u017eena 100. godi\u0161njica ro\u0111enja ovog istaknutog hrvatskog slikara i redovitog \u010dlana HAZU. U zgradi Op\u0107ine Velika Pisanica otvorena je izlo\u017eba crte\u017ea studenata Akademije likovnih umjetnosti, odnosno sudionika u projektu \u201eZavi\u010dajni i iskustveni prostor Ede Murti\u0107a\u201c, koju je otvorio otvorio predsjednik HAZU akademik Velimir Neidhardt. <\/p>\n","protected":false},"author":9,"featured_media":9024,"comment_status":"closed","ping_status":"open","sticky":false,"template":"","format":"standard","meta":[],"categories":[74],"tags":[],"_links":{"self":[{"href":"https:\/\/www.info.hazu.hr\/en\/wp-json\/wp\/v2\/posts\/9023"}],"collection":[{"href":"https:\/\/www.info.hazu.hr\/en\/wp-json\/wp\/v2\/posts"}],"about":[{"href":"https:\/\/www.info.hazu.hr\/en\/wp-json\/wp\/v2\/types\/post"}],"author":[{"embeddable":true,"href":"https:\/\/www.info.hazu.hr\/en\/wp-json\/wp\/v2\/users\/9"}],"replies":[{"embeddable":true,"href":"https:\/\/www.info.hazu.hr\/en\/wp-json\/wp\/v2\/comments?post=9023"}],"version-history":[{"count":4,"href":"https:\/\/www.info.hazu.hr\/en\/wp-json\/wp\/v2\/posts\/9023\/revisions"}],"predecessor-version":[{"id":9032,"href":"https:\/\/www.info.hazu.hr\/en\/wp-json\/wp\/v2\/posts\/9023\/revisions\/9032"}],"wp:featuredmedia":[{"embeddable":true,"href":"https:\/\/www.info.hazu.hr\/en\/wp-json\/wp\/v2\/media\/9024"}],"wp:attachment":[{"href":"https:\/\/www.info.hazu.hr\/en\/wp-json\/wp\/v2\/media?parent=9023"}],"wp:term":[{"taxonomy":"category","embeddable":true,"href":"https:\/\/www.info.hazu.hr\/en\/wp-json\/wp\/v2\/categories?post=9023"},{"taxonomy":"post_tag","embeddable":true,"href":"https:\/\/www.info.hazu.hr\/en\/wp-json\/wp\/v2\/tags?post=9023"}],"curies":[{"name":"wp","href":"https:\/\/api.w.org\/{rel}","templated":true}]}}