{"id":6788,"date":"2021-03-29T13:01:59","date_gmt":"2021-03-29T11:01:59","guid":{"rendered":"https:\/\/www.info.hazu.hr\/?p=6788"},"modified":"2021-03-29T21:00:07","modified_gmt":"2021-03-29T19:00:07","slug":"dobitnici-nagrade-grada-zagreba-za-2021-godinu","status":"publish","type":"post","link":"https:\/\/www.info.hazu.hr\/en\/2021\/03\/dobitnici-nagrade-grada-zagreba-za-2021-godinu\/","title":{"rendered":"Dobitnici Nagrade Grada Zagreba za 2021. godinu"},"content":{"rendered":"<p>Me\u0111u dobitnicima priznanja Grada Zagreba su i \u010dlanovi Hrvatske akademije znanosti i umjetnosti. Nagrade \u0107e biti uru\u010dene 31. svibnja 2021. na Dan grada Zagreba.<!--more--><\/p>\n<p>Nagrada se dodjeljuje\u00a0Radnoj\u00a0skupini\u00a0i projektnome\u00a0timu znanstvenoistra\u017eiva\u010dkoga i izdava\u010dkog projekta\u00a0<strong>Povijest hrvatskoga jezika od srednjeg vijeka do 21. stolje\u0107a<\/strong>\u00a0(43 znanstvenika i stru\u010dnjaka iz Hrvatske akademije znanosti i umjetnosti,\u00a0Filozofskoga fakulteta Sveu\u010dili\u0161ta u Zagrebu, Dru\u0161tva za promicanje hrvatske kulture i znanosti Croatica iz Zagreba, Fakulteta hrvatskih studija Sveu\u010dili\u0161ta u Zagrebu i Instituta za hrvatski jezik i jezikoslovlje iz Zagreba te ostalih hrvatskih sveu\u010dili\u0161ta). U toj su skupini i \u010dlanovi HAZU:\u00a0akademik\u00a0<strong>Radoslav Kati\u010di\u0107<\/strong>\u00a0(posmrtno), akademik\u00a0<strong>Marko Samard\u017eija<\/strong>\u00a0(posmrtno),\u00a0akademik\u00a0<strong>Stjepan Damjanovi\u0107<\/strong>, akademik\u00a0<strong>Josip Bratuli\u0107<\/strong>, akademik\u00a0<strong>Ranko Matasovi\u0107<\/strong>, akademik\u00a0<strong>Milan Mihaljevi\u0107<\/strong>, te\u00a0 prof. dr. sc.\u00a0<strong>Mateo \u017dagar<\/strong>, \u010dlan\u00a0suradnik;\u00a0prof. dr. sc.\u00a0<strong>An\u0111ela Fran\u010di\u0107<\/strong>, \u010dlanica suradnica;\u00a0dr. sc.<strong>\u00a0Amir Kapetanovi\u0107,\u00a0<\/strong>\u010dlan suradnik<strong>;\u00a0<\/strong>prof. dr. sc.\u00a0<strong>Josip Lisac<\/strong>, \u010dlan suradnik;\u00a0<strong>Silvana Vrani<\/strong>\u0107, \u010dlanica suradnica,\u00a0kao i\u00a0\u00a0doc. dr. sc.\u00a0<strong>Sanja Holjevac<\/strong>, upraviteljica rije\u010dkoga Zavoda HAZU\u00a0za povijesne i dru\u0161tvene znanosti.<\/p>\n<p>Akademik\u00a0<strong>Josip Madi\u0107<\/strong>\u00a0nagra\u0111uje se za\u00a0<strong>\u017eivotno djelo<\/strong>, a \u010dlanica suradnica\u00a0<strong>Alemka Markoti\u0107<\/strong>, ravnateljica Klinike za infektivne bolesti &#8220;Fran Mihaljevi\u0107&#8221; progla\u0161ava se za <strong>&#8220;Zagrep\u010danku godine<\/strong>&#8220;.<\/p>\n<p><a href=\"http:\/\/https:\/\/www.zagreb.hr\/u-2021-godini\/170184\">Dobitnici Nagrade Grada Zagreba za 2021. godinu<\/a><\/p>\n","protected":false},"excerpt":{"rendered":"<p>Me\u0111u dobitnicima priznanja Grada Zagreba su i \u010dlanovi Hrvatske akademije znanosti i umjetnosti. Nagrade \u0107e biti uru\u010dene 31. svibnja 2021. na Dan grada Zagreba.<\/p>\n","protected":false},"author":6,"featured_media":6789,"comment_status":"closed","ping_status":"open","sticky":false,"template":"","format":"standard","meta":[],"categories":[74],"tags":[],"_links":{"self":[{"href":"https:\/\/www.info.hazu.hr\/en\/wp-json\/wp\/v2\/posts\/6788"}],"collection":[{"href":"https:\/\/www.info.hazu.hr\/en\/wp-json\/wp\/v2\/posts"}],"about":[{"href":"https:\/\/www.info.hazu.hr\/en\/wp-json\/wp\/v2\/types\/post"}],"author":[{"embeddable":true,"href":"https:\/\/www.info.hazu.hr\/en\/wp-json\/wp\/v2\/users\/6"}],"replies":[{"embeddable":true,"href":"https:\/\/www.info.hazu.hr\/en\/wp-json\/wp\/v2\/comments?post=6788"}],"version-history":[{"count":4,"href":"https:\/\/www.info.hazu.hr\/en\/wp-json\/wp\/v2\/posts\/6788\/revisions"}],"predecessor-version":[{"id":6864,"href":"https:\/\/www.info.hazu.hr\/en\/wp-json\/wp\/v2\/posts\/6788\/revisions\/6864"}],"wp:featuredmedia":[{"embeddable":true,"href":"https:\/\/www.info.hazu.hr\/en\/wp-json\/wp\/v2\/media\/6789"}],"wp:attachment":[{"href":"https:\/\/www.info.hazu.hr\/en\/wp-json\/wp\/v2\/media?parent=6788"}],"wp:term":[{"taxonomy":"category","embeddable":true,"href":"https:\/\/www.info.hazu.hr\/en\/wp-json\/wp\/v2\/categories?post=6788"},{"taxonomy":"post_tag","embeddable":true,"href":"https:\/\/www.info.hazu.hr\/en\/wp-json\/wp\/v2\/tags?post=6788"}],"curies":[{"name":"wp","href":"https:\/\/api.w.org\/{rel}","templated":true}]}}