{"id":60242,"date":"2026-09-01T09:01:49","date_gmt":"2026-09-01T07:01:49","guid":{"rendered":"https:\/\/www.info.hazu.hr\/?p=60242"},"modified":"2026-09-01T09:04:17","modified_gmt":"2026-09-01T07:04:17","slug":"umro-prof-dr-sc-slobodan-kastela-tajnik-hazu-od-1978-do-2012","status":"publish","type":"post","link":"https:\/\/www.info.hazu.hr\/en\/2026\/09\/umro-prof-dr-sc-slobodan-kastela-tajnik-hazu-od-1978-do-2012\/","title":{"rendered":"Umro prof. dr. sc. Slobodan Ka\u0161tela, tajnik HAZU od 1978. do 2012."},"content":{"rendered":"<div class=\"x14z9mp xat24cr x1lziwak x1vvkbs xtlvy1s x126k92a\">\n<div dir=\"auto\">U \u010detvrtak 27. kolovoza 2026. u Zagrebu je u 85. godini \u017eivota umro \u010dlan suradnik Razreda za dru\u0161tvene znanosti i dugogodi\u0161nji tajnik Hrvatske akademije znanosti i umjetnosti <strong>prof. dr. sc. Slobodan Ka\u0161tela<\/strong>.<\/div>\n<\/div>\n<div class=\"x14z9mp xat24cr x1lziwak x1vvkbs xtlvy1s x126k92a\">\n<div dir=\"auto\">Rodio se 13. rujna 1941. u Novigradu (Dalmatinskom), a od 1946. \u017eivio je u Zagrebu, gdje je zavr\u0161io osnovnu \u0161kolu, gimnaziju i Pravni fakultet na kojem je diplomirao 1964. Pravosudni ispit polo\u017eio je 1967. Na Ekonomskom fakultetu u Zagrebu zavr\u0161io je poslijediplomski studij i 1991. obranio magistarski rad. Godine 1992. izabran je u zvanje znanstvenog asistenta, a 1998. u nastavno zvanje predava\u010da. Doktorirao je u srpnju 2000. na Fakultetu prometnih znanosti, gdje je od 2001. bio docent, a od 2004. do 2011. izvanredni profesor. Od 2006. bio je \u010dlan suradnik HAZU. Od 1978. do 2012. bio je tajnik Hrvatske akademije znanosti i umjetnosti, a zatim do 2014. savjetnik predsjednika HAZU. od 1993. do 2014. bio je i ravnatelj Zaklade Hrvatske akademije znanosti i umjetnosti, a od 2008. do 2020. i voditelj Zavoda za znanstvenoistra\u017eiva\u010dki i umjetni\u010dki rad HAZU u Bjelovaru.<\/div>\n<\/div>\n<div class=\"x14z9mp xat24cr x1lziwak x1vvkbs xtlvy1s x126k92a\">\n<div dir=\"auto\">Sprovod prof. dr. sc. Slobodana Ka\u0161tele bit \u0107e u srijedu 2. rujna u 11.40 sati na zagreba\u010dkom groblju Mirogoj.<\/div>\n<\/div>\n","protected":false},"excerpt":{"rendered":"<p>U \u010detvrtak 27. kolovoza 2026. u Zagrebu je u 85. godini \u017eivota umro \u010dlan suradnik Razreda za dru\u0161tvene znanosti i dugogodi\u0161nji tajnik Hrvatske akademije znanosti i umjetnosti prof. dr. sc. Slobodan Ka\u0161tela.<br \/>\nRodio se 13. rujna 1941. u Novigradu (Dalmatinskom), a od 1946. \u017eivio je u Zagrebu, gdje je zavr\u0161io \u0161kolovanje i Pravni fakultet. Doktorirao je 2000., a 2006. izabran je za \u010dlana suradnika HAZU. Od 1978. do 2012. bio je tajnik Hrvatske akademije znanosti i umjetnosti, a zatim do 2014. savjetnik predsjednika HAZU. Sprovod prof. dr. sc. Slobodana Ka\u0161tele bit \u0107e u srijedu 2. rujna u 11.40 sati na zagreba\u010dkom groblju Mirogoj.<\/p>\n","protected":false},"author":9,"featured_media":60243,"comment_status":"closed","ping_status":"open","sticky":false,"template":"","format":"standard","meta":[],"categories":[74],"tags":[],"_links":{"self":[{"href":"https:\/\/www.info.hazu.hr\/en\/wp-json\/wp\/v2\/posts\/60242"}],"collection":[{"href":"https:\/\/www.info.hazu.hr\/en\/wp-json\/wp\/v2\/posts"}],"about":[{"href":"https:\/\/www.info.hazu.hr\/en\/wp-json\/wp\/v2\/types\/post"}],"author":[{"embeddable":true,"href":"https:\/\/www.info.hazu.hr\/en\/wp-json\/wp\/v2\/users\/9"}],"replies":[{"embeddable":true,"href":"https:\/\/www.info.hazu.hr\/en\/wp-json\/wp\/v2\/comments?post=60242"}],"version-history":[{"count":4,"href":"https:\/\/www.info.hazu.hr\/en\/wp-json\/wp\/v2\/posts\/60242\/revisions"}],"predecessor-version":[{"id":60249,"href":"https:\/\/www.info.hazu.hr\/en\/wp-json\/wp\/v2\/posts\/60242\/revisions\/60249"}],"wp:featuredmedia":[{"embeddable":true,"href":"https:\/\/www.info.hazu.hr\/en\/wp-json\/wp\/v2\/media\/60243"}],"wp:attachment":[{"href":"https:\/\/www.info.hazu.hr\/en\/wp-json\/wp\/v2\/media?parent=60242"}],"wp:term":[{"taxonomy":"category","embeddable":true,"href":"https:\/\/www.info.hazu.hr\/en\/wp-json\/wp\/v2\/categories?post=60242"},{"taxonomy":"post_tag","embeddable":true,"href":"https:\/\/www.info.hazu.hr\/en\/wp-json\/wp\/v2\/tags?post=60242"}],"curies":[{"name":"wp","href":"https:\/\/api.w.org\/{rel}","templated":true}]}}