{"id":55949,"date":"2026-01-23T14:04:23","date_gmt":"2026-01-23T13:04:23","guid":{"rendered":"https:\/\/www.info.hazu.hr\/?p=55949"},"modified":"2026-01-23T14:04:23","modified_gmt":"2026-01-23T13:04:23","slug":"predsjednik-hazu-akademik-velimir-neidhardt-primio-mons-dr-franju-topica","status":"publish","type":"post","link":"https:\/\/www.info.hazu.hr\/en\/2026\/01\/predsjednik-hazu-akademik-velimir-neidhardt-primio-mons-dr-franju-topica\/","title":{"rendered":"Predsjednik HAZU akademik Velimir Neidhardt primio mons. dr. Franju Topi\u0107a"},"content":{"rendered":"<p>Predsjednik Hrvatske akademije znanosti i umjetnosti\u00a0 <strong>akademik Velimir Neidhardt<\/strong> primio je u petak 23. sije\u010dnja 2026. <strong>mons. dr. Franju Topi\u0107a<\/strong>, \u010dlana Predsjedni\u0161tva Me\u0111unarodne paneuropske unije, obnovitelja i dugogodi\u0161njeg predsjednika Hrvatskog kulturnog dru\u0161tva Napredak iz Sarajeva (od 1990. do 2019.) koji je tako\u0111er bio i utemeljitelj i prvi predsjednik Paneuropske unije BiH (od 1995. do 2010.). Tijekom razgovora istaknuta je va\u017enost promicanja pozitivnih duhovnih vrijednosti u suvremenom svijetu, posebno na podru\u010dju znanosti, umjetnosti i kulture, a razgovaralo se i o aktualnim pitanjima vezanima uz Hrvate u BiH. U pratnji mons. dr. Franje Topi\u0107a bio je i njegov tajnik <strong>\u017deljko Gali\u0107<\/strong>.<\/p>\n","protected":false},"excerpt":{"rendered":"<p>Predsjednik Hrvatske akademije znanosti i umjetnosti\u00a0 akademik Velimir Neidhardt primio je u petak 23. sije\u010dnja 2026. mons. dr. Franju Topi\u0107a, \u010dlana Predsjedni\u0161tva Me\u0111unarodne paneuropske unije, obnovitelja i dugogodi\u0161njeg predsjednika Hrvatskog kulturnog dru\u0161tva Napredak iz Sarajeva (od 1990. do 2019.) koji je tako\u0111er bio i utemeljitelj i prvi predsjednik Paneuropske unije BiH (od 1995. do 2010.). Tijekom razgovora istaknuta je va\u017enost promicanja pozitivnih duhovnih vrijednosti u suvremenom svijetu, posebno na podru\u010dju znanosti, umjetnosti i kulture, a razgovaralo se i o aktualnim pitanjima vezanima uz Hrvate u BiH.<\/p>\n","protected":false},"author":9,"featured_media":55959,"comment_status":"closed","ping_status":"open","sticky":false,"template":"","format":"standard","meta":[],"categories":[74],"tags":[],"_links":{"self":[{"href":"https:\/\/www.info.hazu.hr\/en\/wp-json\/wp\/v2\/posts\/55949"}],"collection":[{"href":"https:\/\/www.info.hazu.hr\/en\/wp-json\/wp\/v2\/posts"}],"about":[{"href":"https:\/\/www.info.hazu.hr\/en\/wp-json\/wp\/v2\/types\/post"}],"author":[{"embeddable":true,"href":"https:\/\/www.info.hazu.hr\/en\/wp-json\/wp\/v2\/users\/9"}],"replies":[{"embeddable":true,"href":"https:\/\/www.info.hazu.hr\/en\/wp-json\/wp\/v2\/comments?post=55949"}],"version-history":[{"count":1,"href":"https:\/\/www.info.hazu.hr\/en\/wp-json\/wp\/v2\/posts\/55949\/revisions"}],"predecessor-version":[{"id":55961,"href":"https:\/\/www.info.hazu.hr\/en\/wp-json\/wp\/v2\/posts\/55949\/revisions\/55961"}],"wp:featuredmedia":[{"embeddable":true,"href":"https:\/\/www.info.hazu.hr\/en\/wp-json\/wp\/v2\/media\/55959"}],"wp:attachment":[{"href":"https:\/\/www.info.hazu.hr\/en\/wp-json\/wp\/v2\/media?parent=55949"}],"wp:term":[{"taxonomy":"category","embeddable":true,"href":"https:\/\/www.info.hazu.hr\/en\/wp-json\/wp\/v2\/categories?post=55949"},{"taxonomy":"post_tag","embeddable":true,"href":"https:\/\/www.info.hazu.hr\/en\/wp-json\/wp\/v2\/tags?post=55949"}],"curies":[{"name":"wp","href":"https:\/\/api.w.org\/{rel}","templated":true}]}}