{"id":55864,"date":"2026-01-23T09:36:32","date_gmt":"2026-01-23T08:36:32","guid":{"rendered":"https:\/\/www.info.hazu.hr\/?p=55864"},"modified":"2026-01-26T09:56:16","modified_gmt":"2026-01-26T08:56:16","slug":"umrla-akademkinja-ivanka-petrovic","status":"publish","type":"post","link":"https:\/\/www.info.hazu.hr\/en\/2026\/01\/umrla-akademkinja-ivanka-petrovic\/","title":{"rendered":"Umrla akademkinja Ivanka Petrovi\u0107"},"content":{"rendered":"<p>U srijedu 21. sije\u010dnja 2026. u Zagrebu je u 87. godini \u017eivota umrla hrvatska filologinja i knji\u017eevna povjesni\u010darka <strong>akademkinja Ivanka Petrovi\u0107<\/strong>, redovita \u010dlanica Hrvatske akademije znanosti i umjetnosti.<\/p>\n<p>Rodila se 14. lipnja 1939. u Skoplju. Zavr\u0161ila je Klasi\u010dnu gimnaziju u Zagrebu, a diplomirala hrvatski jezik i jugoslavenske knji\u017eevnosti na Filozofskom fakultetu u Zagrebu 1962. gdje je 1970. magistrirala, a 1975. doktorirala knji\u017eevnost.<\/p>\n<p>Od 1964. do 2010. radila je u Staroslavenskom institutu u Zagrebu.<\/p>\n<p>Za redovitu \u010dlanicu HAZU u Razredu za filolo\u0161ke znanosti izabrana je 2010., a od 2002. bila je \u010dlanica suradnica.<\/p>\n<p>Akademkinja Ivanka Petrovi\u0107 istra\u017eivala je dva velika podru\u010dja hrvatskog knji\u017eevnog srednjovjekovlja: hagiografski, legendarni i apokrifni korpus hrvatske glagoljske, latinske i latini\u010dne knji\u017eevnosti te \u0107irilometodsko naslije\u0111e u Hrvata. Hrvatsku srednjovjekovnu knji\u017eevnost prou\u010davala je komparatisti\u010dki, uvijek u suodnosu s vrelima, tekstovima i \u017eanrovima drugih europskih, osobito zapadnoeuropskih, knji\u017eevnosti.<\/p>\n<p>Bila je autorica vi\u0161e od stotinu radova: knjiga, monografskih studija, rasprava i \u010dlanaka o knji\u017eevnim vrstama, temama i poglavljima hrvatske i europske knji\u017eevne kulture, objavljenih i na francuskom, talijanskom i engleskom jeziku.<\/p>\n<p>Najzna\u010dajnije monografske studije su <em>Marijini mirakuli u hrvatskim glagoljskim zbirkama i njihovi europski izvori <\/em>(1978.), \u00a0<em>Franjo Ra\u010dki \u2013 otac hrvatske Cyrillo-Methodiane<\/em> (1979.), <em>Hagiografsko-legendarna knji\u017eevnost hrvatskog srednjovjekovlja i senjski \u00bbMarijini mirakuli\u00ab <\/em>(1984.) i <em>Prvi susreti Hrvata s \u0107irilometodskim izvori\u0161tem svoje srednjovjekovne kulture<\/em> (1988.). Objavila je i monografske studije o salonitansko-splitskoj, istarskoj, zadarskoj, kotorskoj i panonskoj hagiografiji, sintezu hrvatske hagiografske knji\u017eevnosti (u ediciji <em>Hrvatska i Europa II<\/em>., 2004.) te na francuskom jeziku monografiju o cjelokupnoj hrvatskoj hagiografiji od 9. do sredine 14. st. (<em>L\u2019hagiographie, latine et vernaculaire, de l\u2019espace croate des origines \u00e0 1350<\/em>, 2006.).<\/p>\n<p>Bila je voditeljica i glavna istra\u017eiva\u010dica projekta Ministarstva znanosti <em>Hrvatska i europska knji\u017eevnost srednjega vijeka<\/em> te urednica u doma\u0107im i stranim edicijama. Radila je u mnogim europskim institucijama, knji\u017enicama i arhivima i predavala na sveu\u010dili\u0161tima i kongresima. Europska i ameri\u010dka knji\u017eevna medievistika odale su joj priznanje \u010dlanstvom u svojim znanstvenim institucijama.<\/p>\n<p>Bila je redovita \u010dlanica Accademije Ambrosiane u Milanu, \u010dlanica Europske akademije znanosti, umjetnosti i knji\u017eevnosti u Parizu te inozemna \u010dlanica Ma\u0111arske akademije znanosti u Budimpe\u0161ti. Bila je i \u010dlanica Svjetskih medievista, Svjetskog hagiografskog dru\u0161tva i Talijanskog hagiografskog dru\u0161tva. Nagra\u0111ena je Dr\u017eavnom godi\u0161njom nagradom za znanost za 1999.<\/p>\n<p>Ispra\u0107aj akademkinje Ivanke Petrovi\u0107 bit \u0107e u srijedu 28. sije\u010dnja u 13.20 sati na Krematoriju na Mirogoju.<\/p>\n<p><strong>\u00a0<\/strong><\/p>\n","protected":false},"excerpt":{"rendered":"<p>U srijedu 21. sije\u010dnja 2026. u Zagrebu je u 87. godini \u017eivota umrla hrvatska filologinja i knji\u017eevna povjesni\u010darka akademkinja Ivanka Petrovi\u0107, redovita \u010dlanica Hrvatske akademije znanosti i umjetnosti od 2010.<br \/>\nRodila se 14. lipnja 1939. u Skoplju, a diplomirala hrvatski jezik i jugoslavenske knji\u017eevnosti na Filozofskom fakultetu u Zagrebu 1962. Od 1964. do 2010. radila je u Staroslavenskom institutu u Zagrebu.\u00a0Istra\u017eivala je dva velika podru\u010dja hrvatskog knji\u017eevnog srednjovjekovlja: hagiografski, legendarni i apokrifni korpus hrvatske glagoljske, latinske i latini\u010dne knji\u017eevnosti te \u0107irilometodsko naslije\u0111e u Hrvata. Ispra\u0107aj akademkinje Ivanke Petrovi\u0107 bit \u0107e u srijedu 28. sije\u010dnja u 13.20 sati na Krematoriju na Mirogoju.<\/p>\n","protected":false},"author":9,"featured_media":19805,"comment_status":"closed","ping_status":"open","sticky":false,"template":"","format":"standard","meta":[],"categories":[74],"tags":[],"_links":{"self":[{"href":"https:\/\/www.info.hazu.hr\/en\/wp-json\/wp\/v2\/posts\/55864"}],"collection":[{"href":"https:\/\/www.info.hazu.hr\/en\/wp-json\/wp\/v2\/posts"}],"about":[{"href":"https:\/\/www.info.hazu.hr\/en\/wp-json\/wp\/v2\/types\/post"}],"author":[{"embeddable":true,"href":"https:\/\/www.info.hazu.hr\/en\/wp-json\/wp\/v2\/users\/9"}],"replies":[{"embeddable":true,"href":"https:\/\/www.info.hazu.hr\/en\/wp-json\/wp\/v2\/comments?post=55864"}],"version-history":[{"count":2,"href":"https:\/\/www.info.hazu.hr\/en\/wp-json\/wp\/v2\/posts\/55864\/revisions"}],"predecessor-version":[{"id":55994,"href":"https:\/\/www.info.hazu.hr\/en\/wp-json\/wp\/v2\/posts\/55864\/revisions\/55994"}],"wp:featuredmedia":[{"embeddable":true,"href":"https:\/\/www.info.hazu.hr\/en\/wp-json\/wp\/v2\/media\/19805"}],"wp:attachment":[{"href":"https:\/\/www.info.hazu.hr\/en\/wp-json\/wp\/v2\/media?parent=55864"}],"wp:term":[{"taxonomy":"category","embeddable":true,"href":"https:\/\/www.info.hazu.hr\/en\/wp-json\/wp\/v2\/categories?post=55864"},{"taxonomy":"post_tag","embeddable":true,"href":"https:\/\/www.info.hazu.hr\/en\/wp-json\/wp\/v2\/tags?post=55864"}],"curies":[{"name":"wp","href":"https:\/\/api.w.org\/{rel}","templated":true}]}}