{"id":54516,"date":"2025-11-25T10:20:04","date_gmt":"2025-11-25T09:20:04","guid":{"rendered":"https:\/\/www.info.hazu.hr\/?p=54516"},"modified":"2025-11-25T10:22:11","modified_gmt":"2025-11-25T09:22:11","slug":"zavod-za-paleontologiju-i-geologiju-kvartara-hazu-primio-zahvalnicu-gradskog-muzeja-varazdin","status":"publish","type":"post","link":"https:\/\/www.info.hazu.hr\/en\/2025\/11\/zavod-za-paleontologiju-i-geologiju-kvartara-hazu-primio-zahvalnicu-gradskog-muzeja-varazdin\/","title":{"rendered":"Zavod za paleontologiju i geologiju kvartara HAZU primio zahvalnicu Gradskog muzeja Vara\u017edin"},"content":{"rendered":"<p>Prigodom obilje\u017eavanja 100. obljetnice Gradskog muzeja Vara\u017edin, odr\u017eanog 20. studenog 2025., Zavod za paleontologiju i geologiju kvartara Hrvatske akademije znanosti i umjetnosti primio je zahvalnicu za dugogodi\u0161nju suradnju u promicanju vara\u017edinske ba\u0161tine, s posebnim naglaskom na istra\u017eivanja i za\u0161titu \u0161pilje Vindije. Zahvalnicu je preuzeo <strong>izv. prof. dr. sc. Sini\u0161a Radovi\u0107<\/strong>, vi\u0161i znanstveni suradnik i upravitelj Zavoda, koji je tom prigodom odr\u017eao i predavanje pod naslovom \u201cBa\u0161tina u dijalogu: suradnja Gradskog muzeja Vara\u017edin i Zavoda za paleontologiju i geologiju kvartara HAZU\u201d.<\/p>\n<p><img loading=\"lazy\" class=\"alignnone wp-image-54519\" src=\"https:\/\/www.info.hazu.hr\/wp-content\/uploads\/2025\/11\/IMG-20251124-WA0004-300x200.jpg\" alt=\"\" width=\"689\" height=\"459\" srcset=\"https:\/\/www.info.hazu.hr\/wp-content\/uploads\/2025\/11\/IMG-20251124-WA0004-300x200.jpg 300w, https:\/\/www.info.hazu.hr\/wp-content\/uploads\/2025\/11\/IMG-20251124-WA0004-1024x682.jpg 1024w, https:\/\/www.info.hazu.hr\/wp-content\/uploads\/2025\/11\/IMG-20251124-WA0004-768x512.jpg 768w, https:\/\/www.info.hazu.hr\/wp-content\/uploads\/2025\/11\/IMG-20251124-WA0004-391x260.jpg 391w, https:\/\/www.info.hazu.hr\/wp-content\/uploads\/2025\/11\/IMG-20251124-WA0004-1536x1023.jpg 1536w, https:\/\/www.info.hazu.hr\/wp-content\/uploads\/2025\/11\/IMG-20251124-WA0004.jpg 1600w\" sizes=\"(max-width: 689px) 100vw, 689px\" \/><\/p>\n","protected":false},"excerpt":{"rendered":"<p>Prigodom obilje\u017eavanja 100. obljetnice Gradskog muzeja Vara\u017edin, odr\u017eanog 20. studenog 2025., Zavod za paleontologiju i geologiju kvartara Hrvatske akademije znanosti i umjetnosti primio je zahvalnicu za dugogodi\u0161nju suradnju u promicanju vara\u017edinske ba\u0161tine, s posebnim naglaskom na istra\u017eivanja i za\u0161titu \u0161pilje Vindije. Zahvalnicu je preuzeo izv. prof. dr. sc. Sini\u0161a Radovi\u0107, vi\u0161i znanstveni suradnik i upravitelj Zavoda, koji je tom prigodom odr\u017eao i predavanje pod naslovom \u201cBa\u0161tina u dijalogu: suradnja Gradskog muzeja Vara\u017edin i Zavoda za paleontologiju i geologiju kvartara HAZU\u201d.<\/p>\n","protected":false},"author":9,"featured_media":54517,"comment_status":"closed","ping_status":"open","sticky":false,"template":"","format":"standard","meta":[],"categories":[74],"tags":[],"_links":{"self":[{"href":"https:\/\/www.info.hazu.hr\/en\/wp-json\/wp\/v2\/posts\/54516"}],"collection":[{"href":"https:\/\/www.info.hazu.hr\/en\/wp-json\/wp\/v2\/posts"}],"about":[{"href":"https:\/\/www.info.hazu.hr\/en\/wp-json\/wp\/v2\/types\/post"}],"author":[{"embeddable":true,"href":"https:\/\/www.info.hazu.hr\/en\/wp-json\/wp\/v2\/users\/9"}],"replies":[{"embeddable":true,"href":"https:\/\/www.info.hazu.hr\/en\/wp-json\/wp\/v2\/comments?post=54516"}],"version-history":[{"count":2,"href":"https:\/\/www.info.hazu.hr\/en\/wp-json\/wp\/v2\/posts\/54516\/revisions"}],"predecessor-version":[{"id":54522,"href":"https:\/\/www.info.hazu.hr\/en\/wp-json\/wp\/v2\/posts\/54516\/revisions\/54522"}],"wp:featuredmedia":[{"embeddable":true,"href":"https:\/\/www.info.hazu.hr\/en\/wp-json\/wp\/v2\/media\/54517"}],"wp:attachment":[{"href":"https:\/\/www.info.hazu.hr\/en\/wp-json\/wp\/v2\/media?parent=54516"}],"wp:term":[{"taxonomy":"category","embeddable":true,"href":"https:\/\/www.info.hazu.hr\/en\/wp-json\/wp\/v2\/categories?post=54516"},{"taxonomy":"post_tag","embeddable":true,"href":"https:\/\/www.info.hazu.hr\/en\/wp-json\/wp\/v2\/tags?post=54516"}],"curies":[{"name":"wp","href":"https:\/\/api.w.org\/{rel}","templated":true}]}}