{"id":54359,"date":"2025-11-17T15:23:30","date_gmt":"2025-11-17T14:23:30","guid":{"rendered":"https:\/\/www.info.hazu.hr\/?p=54359"},"modified":"2025-11-17T15:51:59","modified_gmt":"2025-11-17T14:51:59","slug":"hrvatska-akademija-znanosti-i-umjetnosti-odala-pocast-zrtvama-domovinskog-rata-vukovara-i-skabrnje-5","status":"publish","type":"post","link":"https:\/\/www.info.hazu.hr\/en\/2025\/11\/hrvatska-akademija-znanosti-i-umjetnosti-odala-pocast-zrtvama-domovinskog-rata-vukovara-i-skabrnje-5\/","title":{"rendered":"Hrvatska akademija znanosti i umjetnosti odala po\u010dast \u017ertvama Domovinskog rata, Vukovara i \u0160kabrnje"},"content":{"rendered":"<p>Uo\u010di Dana sje\u0107anja na \u017ertve Domovinskog rata i Dana sje\u0107anja na \u017ertvu Vukovara i \u0160kabrnje, Hrvatska akademija znanosti i umjetnosti odala im je po\u010dast u ponedjeljak 17. studenog 2025. Podno spomenika utemeljitelja Akademije biskupa Josipa Jurja Strossmayera pored pala\u010de HAZU u Zagrebu upaljene su crvene i bijele svije\u0107e u spomen na 34. godi\u0161njicu stradanja Vukovara i \u0160kabrnje u srpskoj agresiji na Hrvatsku. Vijenac Hrvatske akademije na Memorijalnom groblju \u017ertava iz Domovinskog rata u Vukovaru polo\u017eile su voditeljica Zavoda za znanstvenoistra\u017eiva\u010dki i umjetni\u010dki rad HAZU u Vukovaru\u00a0<strong>akademkinja Mirna \u0160itum<\/strong> i upraviteljica Zavoda <strong>prof. dr. sc. Josipa Forjan.<\/strong><\/p>\n<p><strong><img loading=\"lazy\" class=\"alignnone wp-image-54365\" src=\"https:\/\/www.info.hazu.hr\/wp-content\/uploads\/2025\/11\/vukovar-vijenac-300x203.jpg\" alt=\"\" width=\"884\" height=\"598\" srcset=\"https:\/\/www.info.hazu.hr\/wp-content\/uploads\/2025\/11\/vukovar-vijenac-300x203.jpg 300w, https:\/\/www.info.hazu.hr\/wp-content\/uploads\/2025\/11\/vukovar-vijenac-1024x693.jpg 1024w, https:\/\/www.info.hazu.hr\/wp-content\/uploads\/2025\/11\/vukovar-vijenac-768x520.jpg 768w, https:\/\/www.info.hazu.hr\/wp-content\/uploads\/2025\/11\/vukovar-vijenac-1536x1039.jpg 1536w, https:\/\/www.info.hazu.hr\/wp-content\/uploads\/2025\/11\/vukovar-vijenac-2048x1386.jpg 2048w\" sizes=\"(max-width: 884px) 100vw, 884px\" \/><br \/>\n<\/strong><\/p>\n","protected":false},"excerpt":{"rendered":"<p>Uo\u010di Dana sje\u0107anja na \u017ertve Domovinskog rata i Dana sje\u0107anja na \u017ertvu Vukovara i \u0160kabrnje, Hrvatska akademija znanosti i umjetnosti odala im je po\u010dast u ponedjeljak 17. studenog 2025. Podno spomenika utemeljitelja Akademije biskupa Josipa Jurja Strossmayera pored pala\u010de HAZU u Zagrebu upaljene su crvene i bijele svije\u0107e u spomen na 34. godi\u0161njicu stradanja Vukovara i \u0160kabrnje u srpskoj agresiji na Hrvatsku. Vijenac Hrvatske akademije na Memorijalnom groblju \u017ertava iz Domovinskog rata u Vukovaru polo\u017eile su voditeljica Zavoda za znanstvenoistra\u017eiva\u010dki i umjetni\u010dki rad HAZU u Vukovaru\u00a0akademkinja Mirna \u0160itum i upraviteljica Zavoda prof. dr. sc. Josipa Forjan.\u00a0<\/p>\n","protected":false},"author":9,"featured_media":54360,"comment_status":"closed","ping_status":"open","sticky":false,"template":"","format":"standard","meta":[],"categories":[74],"tags":[],"_links":{"self":[{"href":"https:\/\/www.info.hazu.hr\/en\/wp-json\/wp\/v2\/posts\/54359"}],"collection":[{"href":"https:\/\/www.info.hazu.hr\/en\/wp-json\/wp\/v2\/posts"}],"about":[{"href":"https:\/\/www.info.hazu.hr\/en\/wp-json\/wp\/v2\/types\/post"}],"author":[{"embeddable":true,"href":"https:\/\/www.info.hazu.hr\/en\/wp-json\/wp\/v2\/users\/9"}],"replies":[{"embeddable":true,"href":"https:\/\/www.info.hazu.hr\/en\/wp-json\/wp\/v2\/comments?post=54359"}],"version-history":[{"count":5,"href":"https:\/\/www.info.hazu.hr\/en\/wp-json\/wp\/v2\/posts\/54359\/revisions"}],"predecessor-version":[{"id":54368,"href":"https:\/\/www.info.hazu.hr\/en\/wp-json\/wp\/v2\/posts\/54359\/revisions\/54368"}],"wp:featuredmedia":[{"embeddable":true,"href":"https:\/\/www.info.hazu.hr\/en\/wp-json\/wp\/v2\/media\/54360"}],"wp:attachment":[{"href":"https:\/\/www.info.hazu.hr\/en\/wp-json\/wp\/v2\/media?parent=54359"}],"wp:term":[{"taxonomy":"category","embeddable":true,"href":"https:\/\/www.info.hazu.hr\/en\/wp-json\/wp\/v2\/categories?post=54359"},{"taxonomy":"post_tag","embeddable":true,"href":"https:\/\/www.info.hazu.hr\/en\/wp-json\/wp\/v2\/tags?post=54359"}],"curies":[{"name":"wp","href":"https:\/\/api.w.org\/{rel}","templated":true}]}}