{"id":52365,"date":"2025-08-11T11:14:45","date_gmt":"2025-08-11T09:14:45","guid":{"rendered":"https:\/\/www.info.hazu.hr\/?p=52365"},"modified":"2025-08-18T14:54:35","modified_gmt":"2025-08-18T12:54:35","slug":"reportaza-u-nedjeljnom-vecernjem-listu-o-obnovi-palace-hazu","status":"publish","type":"post","link":"https:\/\/www.info.hazu.hr\/en\/2025\/08\/reportaza-u-nedjeljnom-vecernjem-listu-o-obnovi-palace-hazu\/","title":{"rendered":"Reporta\u017ea u Nedjeljnom Ve\u010dernjem listu o obnovi pala\u010de HAZU"},"content":{"rendered":"<p>U <em>Nedjeljnom Ve\u010dernjem listu<\/em> od 10. kolovoza 2025. objavljena je reporta\u017ea o obnovi pala\u010de Hrvatske akademije znanosti i umjetnosti, autorice Katje Kne\u017eevi\u0107. Hrvatska akademija trenuta\u010dno obnavlja sedam zgrada, a osim pala\u010de HAZU tu su i pala\u010da Prister, pala\u010da Dra\u0161kovi\u0107, pala\u010da Vranyczany-Dobrinovi\u0107, Gliptoteka HAZU, vila Ehrlich-Mari\u0107 i zgrada u Gunduli\u0107evoj 24\/I. Sve zgrade konstrukcijski su oja\u010dane i sada su u fazi energetske i cjelovite obnove. Prema sada\u0161njim podacima ukupan tro\u0161ak obnove svih Akademijinih zgrada iznosit \u0107e 136,581.355 eura bez PDV-a.<\/p>\n<p><a href=\"https:\/\/www.info.hazu.hr\/wp-content\/uploads\/2025\/08\/Palaca-HAZU_tekst-u-Vecernjem_10.8.2025..pdf\">Reporta\u017ea<\/a><\/p>\n<p><a href=\"https:\/\/www.vecernji.hr\/kultura\/foto-video-otkriveni-spektakularni-portreti-vecernji-list-prvi-je-usao-u-palacu-hazu-u-ciju-se-obnovu-ulaze-27-milijuna-eura-1883535\">Reporta\u017ea na Ve\u010dernji.hr<\/a><\/p>\n<p><img loading=\"lazy\" class=\"alignnone wp-image-52375\" src=\"https:\/\/www.info.hazu.hr\/wp-content\/uploads\/2025\/08\/VL-obnova2025.jpg2_-300x268.jpg\" alt=\"\" width=\"1196\" height=\"1068\" srcset=\"https:\/\/www.info.hazu.hr\/wp-content\/uploads\/2025\/08\/VL-obnova2025.jpg2_-300x268.jpg 300w, https:\/\/www.info.hazu.hr\/wp-content\/uploads\/2025\/08\/VL-obnova2025.jpg2_-768x687.jpg 768w, https:\/\/www.info.hazu.hr\/wp-content\/uploads\/2025\/08\/VL-obnova2025.jpg2_.jpg 937w\" sizes=\"(max-width: 1196px) 100vw, 1196px\" \/><\/p>\n<p>&nbsp;<\/p>\n","protected":false},"excerpt":{"rendered":"<p>U Nedjeljnom Ve\u010dernjem listu od 10. kolovoza 2025. objavljena je reporta\u017ea o obnovi pala\u010de Hrvatske akademije znanosti i umjetnosti, autorice Katje Kne\u017eevi\u0107.\u00a0Hrvatska akademija trenuta\u010dno obnavlja sedam zgrada, a osim pala\u010de HAZU tu su i pala\u010da Prister, pala\u010da Dra\u0161kovi\u0107, pala\u010da Vranyczany-Dobrinovi\u0107, Gliptoteka HAZU, vila Ehrlich-Mari\u0107 i zgrada u Gunduli\u0107evoj 24\/I. Sve zgrade<br \/>\nkonstrukcijski su oja\u010dane i sada su u fazi energetske i cjelovite obnove.\u00a0<\/p>\n","protected":false},"author":9,"featured_media":52373,"comment_status":"closed","ping_status":"open","sticky":false,"template":"","format":"standard","meta":[],"categories":[74],"tags":[],"_links":{"self":[{"href":"https:\/\/www.info.hazu.hr\/en\/wp-json\/wp\/v2\/posts\/52365"}],"collection":[{"href":"https:\/\/www.info.hazu.hr\/en\/wp-json\/wp\/v2\/posts"}],"about":[{"href":"https:\/\/www.info.hazu.hr\/en\/wp-json\/wp\/v2\/types\/post"}],"author":[{"embeddable":true,"href":"https:\/\/www.info.hazu.hr\/en\/wp-json\/wp\/v2\/users\/9"}],"replies":[{"embeddable":true,"href":"https:\/\/www.info.hazu.hr\/en\/wp-json\/wp\/v2\/comments?post=52365"}],"version-history":[{"count":9,"href":"https:\/\/www.info.hazu.hr\/en\/wp-json\/wp\/v2\/posts\/52365\/revisions"}],"predecessor-version":[{"id":52456,"href":"https:\/\/www.info.hazu.hr\/en\/wp-json\/wp\/v2\/posts\/52365\/revisions\/52456"}],"wp:featuredmedia":[{"embeddable":true,"href":"https:\/\/www.info.hazu.hr\/en\/wp-json\/wp\/v2\/media\/52373"}],"wp:attachment":[{"href":"https:\/\/www.info.hazu.hr\/en\/wp-json\/wp\/v2\/media?parent=52365"}],"wp:term":[{"taxonomy":"category","embeddable":true,"href":"https:\/\/www.info.hazu.hr\/en\/wp-json\/wp\/v2\/categories?post=52365"},{"taxonomy":"post_tag","embeddable":true,"href":"https:\/\/www.info.hazu.hr\/en\/wp-json\/wp\/v2\/tags?post=52365"}],"curies":[{"name":"wp","href":"https:\/\/api.w.org\/{rel}","templated":true}]}}