{"id":52294,"date":"2025-08-01T12:29:37","date_gmt":"2025-08-01T10:29:37","guid":{"rendered":"https:\/\/www.info.hazu.hr\/?p=52294"},"modified":"2025-08-08T09:35:59","modified_gmt":"2025-08-08T07:35:59","slug":"u-graciscu-otvorenje-izlozbe-raspela-akademika-kazimira-hraste","status":"publish","type":"post","link":"https:\/\/www.info.hazu.hr\/en\/2025\/08\/u-graciscu-otvorenje-izlozbe-raspela-akademika-kazimira-hraste\/","title":{"rendered":"U Gra\u010di\u0161\u0107u otvorenje izlo\u017ebe Raspela akademika Ka\u017eimira Hraste"},"content":{"rendered":"<p>U utorak 5. kolovoza 2025. u crkvi Bla\u017eene Djevice Marije na Placu u Gra\u010di\u0161\u0107u otvorena je izlo\u017eba <em>Raspe<\/em>la <strong>akademika Ka\u017eimira Hraste, <\/strong>postavljena u organizaciji Op\u0107ine Gra\u010di\u0161\u0107e, \u017dupe sv. Vida te Muzeja grada Splita u sklopu kulturno-umjetni\u010dkog projekta Strossmayerovim putem. Na otvorenju izlo\u017ebe govorili su glavni tajnik Hrvatske akademije znanosti i umjetnosti <strong>akademik Dario Vretenar, <\/strong>mjesni \u017eupnik <strong>Bo\u0161ko \u010catlak<\/strong>, na\u010delnik Op\u0107ine Gra\u010di\u0161\u0107e <strong>Ivan Jeromel<\/strong>, ravnateljica Muzeja grada Splita <strong>Vesna Buli\u0107 Baketi\u0107,<\/strong>\u00a0<strong>prof. dr. sc. Vladimir Dugali\u0107<\/strong> s Katoli\u010dkog bogoslovnog fakulteta u \u0110akovu, povjesni\u010dar umjetnosti <strong>Milan Be\u0161li\u0107 <\/strong>i akademik Ka\u017eimir Hraste.<\/p>\n<p><img loading=\"lazy\" class=\"alignnone  wp-image-52349\" src=\"https:\/\/www.info.hazu.hr\/wp-content\/uploads\/2025\/08\/hraste-grac4-300x169.jpg\" alt=\"\" width=\"763\" height=\"430\" srcset=\"https:\/\/www.info.hazu.hr\/wp-content\/uploads\/2025\/08\/hraste-grac4-300x169.jpg 300w, https:\/\/www.info.hazu.hr\/wp-content\/uploads\/2025\/08\/hraste-grac4-1024x576.jpg 1024w, https:\/\/www.info.hazu.hr\/wp-content\/uploads\/2025\/08\/hraste-grac4-768x432.jpg 768w, https:\/\/www.info.hazu.hr\/wp-content\/uploads\/2025\/08\/hraste-grac4-1536x864.jpg 1536w, https:\/\/www.info.hazu.hr\/wp-content\/uploads\/2025\/08\/hraste-grac4.jpg 2000w\" sizes=\"(max-width: 763px) 100vw, 763px\" \/><\/p>\n<p><img loading=\"lazy\" class=\"alignnone wp-image-52340\" src=\"https:\/\/www.info.hazu.hr\/wp-content\/uploads\/2025\/08\/hraste-grac2-300x225.jpg\" alt=\"\" width=\"763\" height=\"572\" srcset=\"https:\/\/www.info.hazu.hr\/wp-content\/uploads\/2025\/08\/hraste-grac2-300x225.jpg 300w, https:\/\/www.info.hazu.hr\/wp-content\/uploads\/2025\/08\/hraste-grac2-1024x768.jpg 1024w, https:\/\/www.info.hazu.hr\/wp-content\/uploads\/2025\/08\/hraste-grac2-768x576.jpg 768w, https:\/\/www.info.hazu.hr\/wp-content\/uploads\/2025\/08\/hraste-grac2.jpg 1280w\" sizes=\"(max-width: 763px) 100vw, 763px\" \/><\/p>\n<p><img loading=\"lazy\" class=\"alignnone wp-image-52338\" src=\"https:\/\/www.info.hazu.hr\/wp-content\/uploads\/2025\/08\/hraste-grac3-300x200.jpg\" alt=\"\" width=\"762\" height=\"508\" srcset=\"https:\/\/www.info.hazu.hr\/wp-content\/uploads\/2025\/08\/hraste-grac3-300x200.jpg 300w, https:\/\/www.info.hazu.hr\/wp-content\/uploads\/2025\/08\/hraste-grac3-1024x683.jpg 1024w, https:\/\/www.info.hazu.hr\/wp-content\/uploads\/2025\/08\/hraste-grac3-768x512.jpg 768w, https:\/\/www.info.hazu.hr\/wp-content\/uploads\/2025\/08\/hraste-grac3-391x260.jpg 391w, https:\/\/www.info.hazu.hr\/wp-content\/uploads\/2025\/08\/hraste-grac3.jpg 1280w\" sizes=\"(max-width: 762px) 100vw, 762px\" \/><\/p>\n<p><img loading=\"lazy\" class=\"alignnone wp-image-52336\" src=\"https:\/\/www.info.hazu.hr\/wp-content\/uploads\/2025\/08\/hraste-grac2025-300x200.jpg\" alt=\"\" width=\"762\" height=\"508\" srcset=\"https:\/\/www.info.hazu.hr\/wp-content\/uploads\/2025\/08\/hraste-grac2025-300x200.jpg 300w, https:\/\/www.info.hazu.hr\/wp-content\/uploads\/2025\/08\/hraste-grac2025-1024x683.jpg 1024w, https:\/\/www.info.hazu.hr\/wp-content\/uploads\/2025\/08\/hraste-grac2025-768x512.jpg 768w, https:\/\/www.info.hazu.hr\/wp-content\/uploads\/2025\/08\/hraste-grac2025-391x260.jpg 391w, https:\/\/www.info.hazu.hr\/wp-content\/uploads\/2025\/08\/hraste-grac2025.jpg 1280w\" sizes=\"(max-width: 762px) 100vw, 762px\" \/><\/p>\n<p>&nbsp;<\/p>\n","protected":false},"excerpt":{"rendered":"<p>U utorak 5. kolovoza 2025. u crkvi Bla\u017eene Djevice Marije na Placu u Gra\u010di\u0161\u0107u otvorena je izlo\u017eba Raspela akademika Ka\u017eimira Hraste, postavljena u organizaciji Op\u0107ine Gra\u010di\u0161\u0107e, \u017dupe sv. Vida te Muzeja grada Splita u sklopu kulturno-umjetni\u010dkog projekta Strossmayerovim putem. Na otvorenju izlo\u017ebe govorili su glavni tajnik Hrvatske akademije znanosti i umjetnosti akademik Dario Vretenar, mjesni \u017eupnik Bo\u0161ko \u010catlak, na\u010delnik Op\u0107ine Gra\u010di\u0161\u0107e Ivan Jeromel, ravnateljica Muzeja grada Splita Vesna Buli\u0107 Baketi\u0107,\u00a0prof. dr. sc. Vladimir Dugali\u0107 s Katoli\u010dkog bogoslovnog fakulteta u \u0110akovu, povjesni\u010dar umjetnosti Milan Be\u0161li\u0107 i akademik Ka\u017eimir Hraste.<\/p>\n","protected":false},"author":9,"featured_media":52342,"comment_status":"closed","ping_status":"open","sticky":false,"template":"","format":"standard","meta":[],"categories":[74],"tags":[],"_links":{"self":[{"href":"https:\/\/www.info.hazu.hr\/en\/wp-json\/wp\/v2\/posts\/52294"}],"collection":[{"href":"https:\/\/www.info.hazu.hr\/en\/wp-json\/wp\/v2\/posts"}],"about":[{"href":"https:\/\/www.info.hazu.hr\/en\/wp-json\/wp\/v2\/types\/post"}],"author":[{"embeddable":true,"href":"https:\/\/www.info.hazu.hr\/en\/wp-json\/wp\/v2\/users\/9"}],"replies":[{"embeddable":true,"href":"https:\/\/www.info.hazu.hr\/en\/wp-json\/wp\/v2\/comments?post=52294"}],"version-history":[{"count":7,"href":"https:\/\/www.info.hazu.hr\/en\/wp-json\/wp\/v2\/posts\/52294\/revisions"}],"predecessor-version":[{"id":52351,"href":"https:\/\/www.info.hazu.hr\/en\/wp-json\/wp\/v2\/posts\/52294\/revisions\/52351"}],"wp:featuredmedia":[{"embeddable":true,"href":"https:\/\/www.info.hazu.hr\/en\/wp-json\/wp\/v2\/media\/52342"}],"wp:attachment":[{"href":"https:\/\/www.info.hazu.hr\/en\/wp-json\/wp\/v2\/media?parent=52294"}],"wp:term":[{"taxonomy":"category","embeddable":true,"href":"https:\/\/www.info.hazu.hr\/en\/wp-json\/wp\/v2\/categories?post=52294"},{"taxonomy":"post_tag","embeddable":true,"href":"https:\/\/www.info.hazu.hr\/en\/wp-json\/wp\/v2\/tags?post=52294"}],"curies":[{"name":"wp","href":"https:\/\/api.w.org\/{rel}","templated":true}]}}