{"id":52253,"date":"2025-07-24T09:08:18","date_gmt":"2025-07-24T07:08:18","guid":{"rendered":"https:\/\/www.info.hazu.hr\/?p=52253"},"modified":"2025-07-24T10:07:39","modified_gmt":"2025-07-24T08:07:39","slug":"umro-csaba-gyorgy-kiss-dopisni-clan-hrvatske-akademije-znanosti-i-umjetnosti","status":"publish","type":"post","link":"https:\/\/www.info.hazu.hr\/en\/2025\/07\/umro-csaba-gyorgy-kiss-dopisni-clan-hrvatske-akademije-znanosti-i-umjetnosti\/","title":{"rendered":"Umro Csaba Gy\u00f6rgy Kiss, dopisni \u010dlan Hrvatske akademije znanosti i umjetnosti"},"content":{"rendered":"<p>U srijedu 23. srpnja 2025. u Budimpe\u0161ti je u 81. godini \u017eivota umro ma\u0111arski knji\u017eevni povjesni\u010dar <strong>Csaba Gy\u00f6rgy Kiss<\/strong>, dopisni \u010dlan Hrvatske akademije znanosti i umjetnosti. Rodio se u Budimpe\u0161ti 2. travnja 1945. Studirao je na Filozofskom fakultetu Sveu\u010dili\u0161ta L\u00f3r\u00e1nd E\u00f6tv\u00f6s u Budimpe\u0161ti od 1963. do 1968. te stekao diplomu srednjo\u0161kolskog profesora ma\u0111arskog i njema\u010dkog jezika. Doktorirao je 1986. na podru\u010dju \u00a0komparatistike. \u00a0Nakon zavr\u0161etka studija radio je kao novinar, a od 1970-ih godina su objavljeni njegovi radovi o poljskim knji\u017eevnim temama. Od 1975. do 1980. bio je odgovorni urednik za zapadnoslavenske knji\u017eevnosti u \u010dasopisu <em>Nagyvil\u00e1g<\/em> (\u010dasopis za svjetsku knji\u017eevnost). Od 1980. do 1986. bio je znanstveni suradnik Instituta za knji\u017eevnost Ma\u0111arske akademije znanosti. Godine 1987. bio je jedan od sedam osniva\u010da Ma\u0111arskog demokratskog foruma, a od 1988. bio je \u010dlan uredni\u0161tva prvog nezavisnog ma\u0111arskog \u010dasopisa <em>Hitel. <\/em>Kasnije je bio prvi glasnogovornik Ma\u0111arskog demokratskog foruma, a zatim i potpredsjednik te stranke.\u00a0 Godine 1990. napustio je politi\u010dko djelovanje i po\u010deo se baviti s istra\u017eivanjima o \u200b\u200bsrednjoeuropskom nacionalizmu i nacionalnim mitovima. U razdoblju izme\u0111u 1992. i 1995. bio je ravnatelj Instituta za srednju Europu u Budimpe\u0161ti. Producirao je informativni serijal o srednjoeuropskim zemljama za Ma\u0111arsku televiziju. Od 1995. bio je izvanredni profesor na Odsjeku za kulturnu povijest Sveu\u010dili\u0161ta L\u00f3r\u00e1nd E\u00f6tv\u00f6s, a 2008. redoviti profesor.\u00a0Djelovao je kao gostuju\u0107i profesor na vi\u0161e sveu\u010dili\u0161ta u inozemstvu, a od 1999. do 2004. i na\u00a0Sveu\u010dili\u0161tu u Zagrebu na studiju hungarologije kojem je bio jedan od osniva\u010da.<\/p>\n<p>Od 2008. do 2016. bio je predsjednik znanstvenog vije\u0107a me\u0111unarodne radne zajednice European Network Remembrance et Solidarity sa sjedi\u0161tem u Var\u0161avi te \u010dlan programskog vije\u0107a International Cultural Centre u Krakovu od 2013. do 2023.<\/p>\n<p>Objavio je 17 samostalnih svezaka (znanstvenih radova i eseja) i bio urednik 23 izdanja. Godine 2014. u Zagrebu je objavio knjigu <em>Budimpe\u0161ta &#8211; Zagreb s povratnom kartom<\/em>,\u00a0zbirku \u010detrdesetak eseja i putopisnih crtica u kojima govori o raznim aspektima hrvatsko-ma\u0111arskih kulturnih odnosa, povijesti svakodnevice, kao i odnosima me\u0111u pojedinim akterima hrvatsko-ma\u0111arske suradnje u pro\u0161losti i danas.<\/p>\n<div dir=\"auto\">Povezuju\u0107i kulture Srednje Europe, radio je na njihovoj zajedni\u010dkoj prepoznatljivosti, istodobno otkrivaju\u0107i i afirmiraju\u0107i njihove posebnosti. Unato\u010d povijesno-politi\u010dkim, \u010desto i antagonisti\u010dnim odnosima, Kiss je nastojao izgraditi nove mre\u017ee me\u0111usobne povezanosti, temeljene na uzajamnom poznavanju i uva\u017eavanju. U brojnim je radovima osvijetlio primjere hrvatsko-ma\u0111arskih odnosa kroz dugu i politi\u010dki povezanu povijest te plodonosan dijalog izme\u0111u dviju knji\u017eevnosti, potaknut kulturnom razmjenom, dvojezi\u010dnim autorima i prijevodima klju\u010dnih djela. Svojim je radom zna\u010dajno pridonio razumijevanju i valorizaciji tih me\u0111usobnih utjecaja, isti\u010du\u0107i knji\u017eevnost kao va\u017ean most izme\u0111u naroda.<\/div>\n<p>Odlikovan je 2021. Redom hrvatskog pletera. Za dopisnog \u010dlana HAZU, u Razredu za knji\u017eevnost, izabran je 2024.<\/p>\n","protected":false},"excerpt":{"rendered":"<p>U srijedu 23. srpnja 2025. u Budimpe\u0161ti je u 81. godini \u017eivota umro ma\u0111arski knji\u017eevni povjesni\u010dar Csaba Gy\u00f6rgy Kiss, dopisni \u010dlan Hrvatske akademije znanosti i umjetnosti od 2024. Rodio se u Budimpe\u0161ti 2. travnja 1945. Studirao je na Filozofskom fakultetu Sveu\u010dili\u0161ta L\u00f3r\u00e1nd E\u00f6tv\u00f6s u Budimpe\u0161ti od 1963. do 1968. te stekao diplomu srednjo\u0161kolskog profesora ma\u0111arskog i njema\u010dkog jezika. Doktorirao je 1986. na podru\u010dju komparatistike. Od 1999. do 2004. predavao je na\u00a0Sveu\u010dili\u0161tu u Zagrebu na studiju hungarologije kojem je bio jedan od osniva\u010da. Povezuju\u0107i kulture Srednje Europe, radio je na njihovoj zajedni\u010dkoj prepoznatljivosti, istodobno otkrivaju\u0107i i afirmiraju\u0107i njihove posebnosti.<\/p>\n","protected":false},"author":9,"featured_media":42799,"comment_status":"closed","ping_status":"open","sticky":false,"template":"","format":"standard","meta":[],"categories":[74],"tags":[],"_links":{"self":[{"href":"https:\/\/www.info.hazu.hr\/en\/wp-json\/wp\/v2\/posts\/52253"}],"collection":[{"href":"https:\/\/www.info.hazu.hr\/en\/wp-json\/wp\/v2\/posts"}],"about":[{"href":"https:\/\/www.info.hazu.hr\/en\/wp-json\/wp\/v2\/types\/post"}],"author":[{"embeddable":true,"href":"https:\/\/www.info.hazu.hr\/en\/wp-json\/wp\/v2\/users\/9"}],"replies":[{"embeddable":true,"href":"https:\/\/www.info.hazu.hr\/en\/wp-json\/wp\/v2\/comments?post=52253"}],"version-history":[{"count":3,"href":"https:\/\/www.info.hazu.hr\/en\/wp-json\/wp\/v2\/posts\/52253\/revisions"}],"predecessor-version":[{"id":52259,"href":"https:\/\/www.info.hazu.hr\/en\/wp-json\/wp\/v2\/posts\/52253\/revisions\/52259"}],"wp:featuredmedia":[{"embeddable":true,"href":"https:\/\/www.info.hazu.hr\/en\/wp-json\/wp\/v2\/media\/42799"}],"wp:attachment":[{"href":"https:\/\/www.info.hazu.hr\/en\/wp-json\/wp\/v2\/media?parent=52253"}],"wp:term":[{"taxonomy":"category","embeddable":true,"href":"https:\/\/www.info.hazu.hr\/en\/wp-json\/wp\/v2\/categories?post=52253"},{"taxonomy":"post_tag","embeddable":true,"href":"https:\/\/www.info.hazu.hr\/en\/wp-json\/wp\/v2\/tags?post=52253"}],"curies":[{"name":"wp","href":"https:\/\/api.w.org\/{rel}","templated":true}]}}