{"id":51508,"date":"2025-05-29T15:59:38","date_gmt":"2025-05-29T13:59:38","guid":{"rendered":"https:\/\/www.info.hazu.hr\/?p=51508"},"modified":"2025-06-02T13:49:41","modified_gmt":"2025-06-02T11:49:41","slug":"mons-roko-glasnovic-dubrovacki-biskup-posjetio-hazu","status":"publish","type":"post","link":"https:\/\/www.info.hazu.hr\/en\/2025\/05\/mons-roko-glasnovic-dubrovacki-biskup-posjetio-hazu\/","title":{"rendered":"Dubrova\u010dki biskup mons. Roko Glasnovi\u0107 posjetio HAZU"},"content":{"rendered":"<p>Predsjednik HAZU akademik Velimir Neidhardt primio je u \u010detvrtak 29. svibnja 2025. u nastupni posjet dubrova\u010dkog biskupa mons. Roka Glasnovi\u0107a, predsjednika Vije\u0107a Hrvatske biskupske konferencije za katoli\u010dki odgoj i obrazovanje, i Tomislava Buntaka, povjerenika za katoli\u010dke \u0161kole i pred\u0161kolske ustanove Nadbiskupskog duhovnog stola Zagreba\u010dke nadbiskupije. Susretu su prisustvovali glavni tajnik HAZU akademik Dario Vretenar i tajnica HAZU Sara-Sanela Butorac.<\/p>\n<div id=\"jig1\" class=\"justified-image-grid jig-594112cd4d39dabb6459f1fdf4a69bbb jig-preset-global\"><div class=\"jig-clearfix\"><\/div><noscript id=\"jig1-html\" class=\"justified-image-grid-html\" data-lazy-src=\"skiplazyload\" data-src=\"skipunveillazyload\"><ul><li><a href=\"https:\/\/www.info.hazu.hr\/wp-content\/uploads\/2025\/05\/Posjet-mons-Roka-Glasnovica-dubrovackog-biskupa-HAZU-2-scaled.jpg\"><img src=\"https:\/\/www.info.hazu.hr\/wp-content\/plugins\/justified-image-grid\/timthumb.php?src=https%3A%2F%2Fwww.info.hazu.hr%2Fwp-content%2Fuploads%2F2025%2F05%2FPosjet-mons-Roka-Glasnovica-dubrovackog-biskupa-HAZU-2-scaled.jpg&amp;h=240&amp;q=90&amp;f=.jpg\" alt=\"Posjet mons Roka Glasnovi\u0107a dubrova\u010dkog biskupa HAZU 2\" width=\"359\" height=\"240\" \/><\/a><p class=\"jig-HTMLdescription\">Posjet mons Roka Glasnovi\u0107a dubrova\u010dkog biskupa HAZU 2<br\/><\/p><\/li><li><a href=\"https:\/\/www.info.hazu.hr\/wp-content\/uploads\/2025\/05\/Posjet-mons-Roka-Glasnovica-dubrovackog-biskupa-HAZU-3-scaled.jpg\"><img src=\"https:\/\/www.info.hazu.hr\/wp-content\/plugins\/justified-image-grid\/timthumb.php?src=https%3A%2F%2Fwww.info.hazu.hr%2Fwp-content%2Fuploads%2F2025%2F05%2FPosjet-mons-Roka-Glasnovica-dubrovackog-biskupa-HAZU-3-scaled.jpg&amp;h=240&amp;q=90&amp;f=.jpg\" alt=\"Posjet mons Roka Glasnovi\u0107a dubrova\u010dkog biskupa HAZU 3\" width=\"342\" height=\"240\" \/><\/a><p class=\"jig-HTMLdescription\">Posjet mons Roka Glasnovi\u0107a dubrova\u010dkog biskupa HAZU 3<br\/><\/p><\/li><\/ul><\/noscript><\/div>\n<p>&nbsp;<\/p>\n","protected":false},"excerpt":{"rendered":"<p>Predsjednik HAZU akademik Velimir Neidhardt primio je u \u010detvrtak 29. svibnja 2025. u nastupni posjet dubrova\u010dkog biskupa mons. Roka Glasnovi\u0107a, predsjednika Vije\u0107a Hrvatske biskupske konferencije za katoli\u010dki odgoj i obrazovanje, i Tomislava Buntaka, povjerenika za katoli\u010dke \u0161kole i pred\u0161kolske ustanove Nadbiskupskog duhovnog stola Zagreba\u010dke nadbiskupije. Susretu su prisustvovali glavni tajnik HAZU akademik Dario Vretenar i tajnica HAZU Sara-Sanela Butorac.<\/p>\n","protected":false},"author":6,"featured_media":51517,"comment_status":"closed","ping_status":"open","sticky":false,"template":"","format":"standard","meta":[],"categories":[74],"tags":[],"_links":{"self":[{"href":"https:\/\/www.info.hazu.hr\/en\/wp-json\/wp\/v2\/posts\/51508"}],"collection":[{"href":"https:\/\/www.info.hazu.hr\/en\/wp-json\/wp\/v2\/posts"}],"about":[{"href":"https:\/\/www.info.hazu.hr\/en\/wp-json\/wp\/v2\/types\/post"}],"author":[{"embeddable":true,"href":"https:\/\/www.info.hazu.hr\/en\/wp-json\/wp\/v2\/users\/6"}],"replies":[{"embeddable":true,"href":"https:\/\/www.info.hazu.hr\/en\/wp-json\/wp\/v2\/comments?post=51508"}],"version-history":[{"count":4,"href":"https:\/\/www.info.hazu.hr\/en\/wp-json\/wp\/v2\/posts\/51508\/revisions"}],"predecessor-version":[{"id":51578,"href":"https:\/\/www.info.hazu.hr\/en\/wp-json\/wp\/v2\/posts\/51508\/revisions\/51578"}],"wp:featuredmedia":[{"embeddable":true,"href":"https:\/\/www.info.hazu.hr\/en\/wp-json\/wp\/v2\/media\/51517"}],"wp:attachment":[{"href":"https:\/\/www.info.hazu.hr\/en\/wp-json\/wp\/v2\/media?parent=51508"}],"wp:term":[{"taxonomy":"category","embeddable":true,"href":"https:\/\/www.info.hazu.hr\/en\/wp-json\/wp\/v2\/categories?post=51508"},{"taxonomy":"post_tag","embeddable":true,"href":"https:\/\/www.info.hazu.hr\/en\/wp-json\/wp\/v2\/tags?post=51508"}],"curies":[{"name":"wp","href":"https:\/\/api.w.org\/{rel}","templated":true}]}}