{"id":51483,"date":"2025-05-29T14:30:17","date_gmt":"2025-05-29T12:30:17","guid":{"rendered":"https:\/\/www.info.hazu.hr\/?p=51483"},"modified":"2025-05-29T14:31:12","modified_gmt":"2025-05-29T12:31:12","slug":"obiljezena-30-obljetnica-preseljenja-nsk-u-nove-prostore","status":"publish","type":"post","link":"https:\/\/www.info.hazu.hr\/en\/2025\/05\/obiljezena-30-obljetnica-preseljenja-nsk-u-nove-prostore\/","title":{"rendered":"Obilje\u017eena 30. obljetnica preseljenja NSK u nove prostore"},"content":{"rendered":"<div class=\"article-summary mt-3 border-bottom border-1 \">\n<p>ZAGREB, 28. svibnja 2025. (Hina) &#8211;\u00a0Trideseta obljetnica preseljenja Nacionalne i sveu\u010dili\u0161ne knji\u017enice (NSK) u Zagrebu u novu zgradu u zagreba\u010dkom naselju Trnje sve\u010dano je obilje\u017eena u srijedu u predvorju NSK, gdje je postavljena i izlo\u017eba <em>&#8220;Prenosimo ideje kroz vrijeme: tri desetlje\u0107a staklene riznice ba\u0161tine&#8221;<\/em>.<\/p>\n<p>Na obilje\u017eavanju je sudjelovao i predsjednik Hrvatske akademije znanosti i umjetnosti akademik <strong>Velimir Neidhardt<\/strong>, koji je bio jedan od projektanata i voditelj projekta izgradnje nove zgrade NSK. Uz njega zgradu su projektirali\u00a0Marijan Hr\u017ei\u0107, Zvonimir Krznari\u0107 i Davor Mance.<\/p>\n<p style=\"text-align: center;\"><!--StartFragment --> <a href=\"https:\/\/hazu.sharepoint.com\/:v:\/g\/EX1zLRz51sBEvlV-Xc5ux2EBtMip9w0Ruo3G1vta9O9pzA?e=2bwK7h\">28.05.2025. Dnevnik 2 &#8211; 30 GODINA OD PRESELJENJA NSK.mp4<\/a><\/p>\n<div id=\"jig1\" class=\"justified-image-grid jig-852691d9eae8ab1970ed54bd39334115 jig-preset-global\"><div class=\"jig-clearfix\"><\/div><noscript id=\"jig1-html\" class=\"justified-image-grid-html\" data-lazy-src=\"skiplazyload\" data-src=\"skipunveillazyload\"><ul><li><a href=\"https:\/\/www.info.hazu.hr\/wp-content\/uploads\/2025\/05\/30-obljetnica-preseljenja-NSK_Neidhardt-1-scaled.jpg\"><img src=\"https:\/\/www.info.hazu.hr\/wp-content\/plugins\/justified-image-grid\/timthumb.php?src=https%3A%2F%2Fwww.info.hazu.hr%2Fwp-content%2Fuploads%2F2025%2F05%2F30-obljetnica-preseljenja-NSK_Neidhardt-1-scaled.jpg&amp;h=240&amp;q=90&amp;f=.jpg\" alt=\"30 obljetnica preseljenja NSK_Neidhardt 1\" width=\"359\" height=\"240\" \/><\/a><p class=\"jig-HTMLdescription\">30 obljetnica preseljenja NSK_Neidhardt 1<br\/><\/p><\/li><li><a href=\"https:\/\/www.info.hazu.hr\/wp-content\/uploads\/2025\/05\/30-obljetnica-preseljenja-NSK_Neidhardt-2-scaled.jpg\"><img src=\"https:\/\/www.info.hazu.hr\/wp-content\/plugins\/justified-image-grid\/timthumb.php?src=https%3A%2F%2Fwww.info.hazu.hr%2Fwp-content%2Fuploads%2F2025%2F05%2F30-obljetnica-preseljenja-NSK_Neidhardt-2-scaled.jpg&amp;h=240&amp;q=90&amp;f=.jpg\" alt=\"30 obljetnica preseljenja NSK_Neidhardt 2\" width=\"360\" height=\"240\" \/><\/a><p class=\"jig-HTMLdescription\">30 obljetnica preseljenja NSK_Neidhardt 2<br\/><\/p><\/li><li><a href=\"https:\/\/www.info.hazu.hr\/wp-content\/uploads\/2025\/05\/30-obljetnica-preseljenja-NSK_Neidhardt-3-scaled.jpg\"><img src=\"https:\/\/www.info.hazu.hr\/wp-content\/plugins\/justified-image-grid\/timthumb.php?src=https%3A%2F%2Fwww.info.hazu.hr%2Fwp-content%2Fuploads%2F2025%2F05%2F30-obljetnica-preseljenja-NSK_Neidhardt-3-scaled.jpg&amp;h=240&amp;q=90&amp;f=.jpg\" alt=\"30 obljetnica preseljenja NSK_Neidhardt 3\" width=\"359\" height=\"240\" \/><\/a><p class=\"jig-HTMLdescription\">30 obljetnica preseljenja NSK_Neidhardt 3<br\/><\/p><\/li><li><a href=\"https:\/\/www.info.hazu.hr\/wp-content\/uploads\/2025\/05\/30-obljetnica-preseljenja-NSK_Neidhardt-4-scaled.jpg\"><img src=\"https:\/\/www.info.hazu.hr\/wp-content\/plugins\/justified-image-grid\/timthumb.php?src=https%3A%2F%2Fwww.info.hazu.hr%2Fwp-content%2Fuploads%2F2025%2F05%2F30-obljetnica-preseljenja-NSK_Neidhardt-4-scaled.jpg&amp;h=240&amp;q=90&amp;f=.jpg\" alt=\"30 obljetnica preseljenja NSK_Neidhardt 4\" width=\"372\" height=\"240\" \/><\/a><p class=\"jig-HTMLdescription\">30 obljetnica preseljenja NSK_Neidhardt 4<br\/><\/p><\/li><li><a href=\"https:\/\/www.info.hazu.hr\/wp-content\/uploads\/2025\/05\/Akademik-Velimir-Neidhardt-predsjednik-HAZU-scaled.jpeg\"><img src=\"https:\/\/www.info.hazu.hr\/wp-content\/plugins\/justified-image-grid\/timthumb.php?src=https%3A%2F%2Fwww.info.hazu.hr%2Fwp-content%2Fuploads%2F2025%2F05%2FAkademik-Velimir-Neidhardt-predsjednik-HAZU-scaled.jpeg&amp;h=240&amp;q=90&amp;f=.jpeg\" alt=\"Akademik Velimir Neidhardt, predsjednik HAZU\" width=\"320\" height=\"240\" \/><\/a><p class=\"jig-HTMLdescription\">Akademik Velimir Neidhardt, predsjednik HAZU<br\/><\/p><\/li><li><a href=\"https:\/\/www.info.hazu.hr\/wp-content\/uploads\/2025\/05\/IMG_0023-1-scaled.jpeg\"><img src=\"https:\/\/www.info.hazu.hr\/wp-content\/plugins\/justified-image-grid\/timthumb.php?src=https%3A%2F%2Fwww.info.hazu.hr%2Fwp-content%2Fuploads%2F2025%2F05%2FIMG_0023-1-scaled.jpeg&amp;h=240&amp;q=90&amp;f=.jpeg\" alt=\"IMG_0023 1\" width=\"320\" height=\"240\" \/><\/a><p class=\"jig-HTMLdescription\">IMG_0023 1<br\/><\/p><\/li><\/ul><\/noscript><\/div>\n<\/div>\n<div class=\"article-body py-3\">\n<p>Ministrica kulture i medija Nina Obuljen Kor\u017einek napomenula je da se danas obilje\u017eava velika obljetnica &#8211; 30 godina od otvorenja nove\u00a0zgrade i preseljenja NSK te izrazila zadovoljstvo \u0161to je vlada u svom mandatu do kraja obnovila zgradu, koja nikad nije do kraja bila zavr\u0161ena.<\/p>\n<p>Na takav smo na\u010din omogu\u0107ili Nacionalnoj i sveu\u010dili\u0161noj knji\u017enici daljnji razvoj, rekla je ministrica i dodala kako je vodstvo NSK zadu\u017eeno za koordiniranje i stru\u010dno unaprje\u0111ivanja rada svih knji\u017enica u Hrvatskoj.<\/p>\n<p>Glavna ravnateljica NSK Ivanka Stri\u010devi\u0107 podsjetila je na Zakon o knji\u017enicama iz 1997. kojim je Nacionalna\u00a0i sveu\u010dili\u0161na\u00a0biblioteka\u00a0promijenila naziv u Nacionalna\u00a0i sveu\u010dili\u0161na\u00a0knji\u017enica.<\/p>\n<p>Njime je, dodala je, omogu\u0107en prihvat obvezatnoga primjerka on-line publikacija, \u0161to je potaknulo uspostavu Hrvatskoga arhiva weba 2004.\u00a0i intenziviralo proces digitalizacije.<\/p>\n<p>Stri\u010devi\u0107 smatra da je digitalizacija jedan od prioritetnijih poslova danas i kao mjera za\u0161tite gra\u0111e i kako mehanizam za njezinu dostupnost.<\/p>\n<p>Naglasila je kako je u tijeku uspostava novoga knji\u017eni\u010dnog informacijskoga sustava koji \u0107e omogu\u0107iti da se knji\u017enica funkcionalno pove\u017ee s\u00a0visoko\u0161kolskim znanstvenim knji\u017enicama unutar Hrvatske, ali i\u00a0s knji\u017enicama u svijetu.<\/p>\n<p>Stri\u010devi\u0107 je upozorila i na nedostatak prostora u novoj knji\u017enici za pospremanje gra\u0111e pa je ministrica Obuljen Kor\u017einek najavila daljnja ulaganja u izgradnju spremi\u0161ta za knji\u017eni\u010dnu gra\u0111u.<\/p>\n<p>U sklopu obilje\u017eavanja 30. obljetnice preseljenja NSK u nove prostore otvorena je i izlo\u017eba koja donosi jedinstven pogled u povijest jedne od najva\u017enijih kulturnih ustanova u Hrvatskoj.<\/p>\n<p>Izlo\u017eba se mo\u017ee razgledati u velikome predvorju Knji\u017enice do 18. lipnja, a prikazuje iznimno vrijedne i vizualno dojmljive materijale koji svjedo\u010de o razvoju projekta nove zgrade NSK \u2013 od ideje i projektiranja, preko izgradnje u izazovnim vremenima po\u010detkom 1990-ih, do sve\u010danoga otvorenja 28. svibnja 1995. godine, koje je predvodio prvi hrvatski predsjednik Franjo Tu\u0111man.<\/p>\n<p>Me\u0111u izlo\u017eenim sadr\u017eajima isti\u010du se rijetke fotografije, nacrti i videosnimke koje dokumentiraju klju\u010dne trenutke izgradnje i preseljenja kao i ozra\u010dje jednoga od najva\u017enijih doga\u0111aja u povijesti hrvatske kulture i znanosti.<\/p>\n<\/div>\n","protected":false},"excerpt":{"rendered":"<p>Trideseta obljetnica preseljenja Nacionalne i sveu\u010dili\u0161ne knji\u017enice (NSK) u Zagrebu u novu zgradu u zagreba\u010dkom naselju Trnje sve\u010dano je obilje\u017eena u srijedu u predvorju NSK, gdje je postavljena i izlo\u017eba &#8220;Prenosimo ideje kroz vrijeme: tri desetlje\u0107a staklene riznice ba\u0161tine&#8221;. Na obilje\u017eavanju je sudjelovao i predsjednik Hrvatske akademije znanosti i umjetnosti akademik Velimir Neidhardt, koji je bio jedan od projektanata i voditelj projekta izgradnje nove zgrade NSK. Uz njega zgradu su projektirali\u00a0Marijan Hr\u017ei\u0107, Zvonimir Krznari\u0107 i Davor Mance.<\/p>\n","protected":false},"author":6,"featured_media":51494,"comment_status":"closed","ping_status":"open","sticky":false,"template":"","format":"standard","meta":[],"categories":[74],"tags":[],"_links":{"self":[{"href":"https:\/\/www.info.hazu.hr\/en\/wp-json\/wp\/v2\/posts\/51483"}],"collection":[{"href":"https:\/\/www.info.hazu.hr\/en\/wp-json\/wp\/v2\/posts"}],"about":[{"href":"https:\/\/www.info.hazu.hr\/en\/wp-json\/wp\/v2\/types\/post"}],"author":[{"embeddable":true,"href":"https:\/\/www.info.hazu.hr\/en\/wp-json\/wp\/v2\/users\/6"}],"replies":[{"embeddable":true,"href":"https:\/\/www.info.hazu.hr\/en\/wp-json\/wp\/v2\/comments?post=51483"}],"version-history":[{"count":3,"href":"https:\/\/www.info.hazu.hr\/en\/wp-json\/wp\/v2\/posts\/51483\/revisions"}],"predecessor-version":[{"id":51500,"href":"https:\/\/www.info.hazu.hr\/en\/wp-json\/wp\/v2\/posts\/51483\/revisions\/51500"}],"wp:featuredmedia":[{"embeddable":true,"href":"https:\/\/www.info.hazu.hr\/en\/wp-json\/wp\/v2\/media\/51494"}],"wp:attachment":[{"href":"https:\/\/www.info.hazu.hr\/en\/wp-json\/wp\/v2\/media?parent=51483"}],"wp:term":[{"taxonomy":"category","embeddable":true,"href":"https:\/\/www.info.hazu.hr\/en\/wp-json\/wp\/v2\/categories?post=51483"},{"taxonomy":"post_tag","embeddable":true,"href":"https:\/\/www.info.hazu.hr\/en\/wp-json\/wp\/v2\/tags?post=51483"}],"curies":[{"name":"wp","href":"https:\/\/api.w.org\/{rel}","templated":true}]}}