{"id":49892,"date":"2025-03-31T11:56:49","date_gmt":"2025-03-31T09:56:49","guid":{"rendered":"https:\/\/www.info.hazu.hr\/?p=49892"},"modified":"2025-03-31T13:02:50","modified_gmt":"2025-03-31T11:02:50","slug":"u-slavonskom-brodu-odrzani-10-dani-andrije-stampara","status":"publish","type":"post","link":"https:\/\/www.info.hazu.hr\/en\/2025\/03\/u-slavonskom-brodu-odrzani-10-dani-andrije-stampara\/","title":{"rendered":"U Slavonskom Brodu odr\u017eani 10. Dani Andrije \u0160tampara"},"content":{"rendered":"<p>U Slavonskom Brodu odr\u017ean je 28. i 29. o\u017eujka 2025. jubilarni, deseti po redu znanstveni skup <strong><em>Dani Andrije \u0160tampara<\/em><\/strong>, koji organizira Op\u0107a bolnica \u201eDr. Josip Ben\u010devi\u0107\u201c, nastavna baza Medicinskog fakulteta Sveu\u010dili\u0161ta J. J. Strossmayera u Osijeku, uz pokroviteljstvo Razreda za medicinske znanosti Hrvatske akademije znanosti i umjetnosti. Skup okuplja brojne stru\u010dnjake iz podru\u010dja zdravstva, znanosti, kulture, obrazovanja i ekonomije, a tema ovogodi\u0161njeg izdanja posve\u0107ena je izazovima javnog zdravstva \u2013 nekad i danas.<\/p>\n<p>Ovaj va\u017ean stru\u010dni doga\u0111aj odr\u017eava se u \u010dast dr. Andrije \u0160tampara, jednog od najutjecajnijih lije\u010dnika u hrvatskoj i svjetskoj povijesti medicine. Njegova vizija dostupnog zdravstva, edukacije i prevencije oblikovala je temelje suvremene zdravstvene politike. Andrija \u0160tampar je bio rektor, dekan, osniva\u010d va\u017enih zdravstvenih institucija, predsjednik JAZU, a svijet ga pamti i kao jednog od osniva\u010da Svjetske zdravstvene organizacije.<\/p>\n<p>Na ovome znanstvenom skupu ve\u0107 tradicionalno sudjeluju predstavnici Hrvatske akademije znanosti i umjetnosti. Ove godine sudjelovali su predstavnici dviju Akademijinih ustanova:\u00a0 <strong>akademik Vjekoslav Jerolimov<\/strong>, voditelj Zavoda za povijest i filozofiju znanosti, <strong>izv. prof. dr. sc. Stella Fatovi\u0107-Feren\u010di<\/strong>\u0107, upraviteljica Zavoda za povijest i filozofiju znanosti i zamjenica voditelja Hrvatskog muzeja medicine i farmacije, <strong>doc. dr. sc. Martin Kuha<\/strong>r, vi\u0161i znanstveni suradnik u Odsjeku za povijest medicinskih znanosti Zavoda za povijest i filozofiju znanosti i <strong>Silvija Brki\u0107 Mid\u017ei\u0107<\/strong>, upraviteljica Hrvatskog muzeja medicine i farmacije.<\/p>\n<p><img loading=\"lazy\" class=\"alignnone wp-image-49940\" src=\"https:\/\/www.info.hazu.hr\/wp-content\/uploads\/2025\/03\/stamp2-300x172.jpg\" alt=\"\" width=\"604\" height=\"346\" srcset=\"https:\/\/www.info.hazu.hr\/wp-content\/uploads\/2025\/03\/stamp2-300x172.jpg 300w, https:\/\/www.info.hazu.hr\/wp-content\/uploads\/2025\/03\/stamp2-1024x588.jpg 1024w, https:\/\/www.info.hazu.hr\/wp-content\/uploads\/2025\/03\/stamp2-768x441.jpg 768w, https:\/\/www.info.hazu.hr\/wp-content\/uploads\/2025\/03\/stamp2.jpg 1141w\" sizes=\"(max-width: 604px) 100vw, 604px\" \/><\/p>\n<p><img loading=\"lazy\" class=\"alignnone wp-image-49942\" src=\"https:\/\/www.info.hazu.hr\/wp-content\/uploads\/2025\/03\/stamp3-300x162.jpg\" alt=\"\" width=\"604\" height=\"326\" srcset=\"https:\/\/www.info.hazu.hr\/wp-content\/uploads\/2025\/03\/stamp3-300x162.jpg 300w, https:\/\/www.info.hazu.hr\/wp-content\/uploads\/2025\/03\/stamp3-1024x552.jpg 1024w, https:\/\/www.info.hazu.hr\/wp-content\/uploads\/2025\/03\/stamp3-768x414.jpg 768w, https:\/\/www.info.hazu.hr\/wp-content\/uploads\/2025\/03\/stamp3-1536x827.jpg 1536w, https:\/\/www.info.hazu.hr\/wp-content\/uploads\/2025\/03\/stamp3.jpg 1576w\" sizes=\"(max-width: 604px) 100vw, 604px\" \/><\/p>\n<p><img loading=\"lazy\" class=\"alignnone wp-image-49938\" src=\"https:\/\/www.info.hazu.hr\/wp-content\/uploads\/2025\/03\/stamp4-300x201.jpg\" alt=\"\" width=\"601\" height=\"403\" srcset=\"https:\/\/www.info.hazu.hr\/wp-content\/uploads\/2025\/03\/stamp4-300x201.jpg 300w, https:\/\/www.info.hazu.hr\/wp-content\/uploads\/2025\/03\/stamp4-1024x686.jpg 1024w, https:\/\/www.info.hazu.hr\/wp-content\/uploads\/2025\/03\/stamp4-768x515.jpg 768w, https:\/\/www.info.hazu.hr\/wp-content\/uploads\/2025\/03\/stamp4-1536x1029.jpg 1536w, https:\/\/www.info.hazu.hr\/wp-content\/uploads\/2025\/03\/stamp4.jpg 1880w\" sizes=\"(max-width: 601px) 100vw, 601px\" \/><\/p>\n<p><img loading=\"lazy\" class=\"alignnone wp-image-49895\" src=\"https:\/\/www.info.hazu.hr\/wp-content\/uploads\/2025\/03\/programi-DAS-300x225.jpg\" alt=\"\" width=\"605\" height=\"454\" srcset=\"https:\/\/www.info.hazu.hr\/wp-content\/uploads\/2025\/03\/programi-DAS-300x225.jpg 300w, https:\/\/www.info.hazu.hr\/wp-content\/uploads\/2025\/03\/programi-DAS-1024x768.jpg 1024w, https:\/\/www.info.hazu.hr\/wp-content\/uploads\/2025\/03\/programi-DAS-768x576.jpg 768w, https:\/\/www.info.hazu.hr\/wp-content\/uploads\/2025\/03\/programi-DAS.jpg 1440w\" sizes=\"(max-width: 605px) 100vw, 605px\" \/><\/p>\n<p><a href=\"https:\/\/www.info.hazu.hr\/wp-content\/uploads\/2025\/03\/DAS-program_2025.pdf\">Program<\/a><\/p>\n<p>Slavonskobrodska televizija u emisiji SB INFO 29. o\u017eujka 2025. emitirala je prilog o <em>10. Danima Andrije \u0160tampara u Slavonskom Brodu<\/em>.<\/p>\n<p><a href=\"https:\/\/www.youtube.com\/watch?v=w0nsfVq-2Dk\">https:\/\/www.youtube.com\/watch?v=w0nsfVq-2Dk<\/a><\/p>\n","protected":false},"excerpt":{"rendered":"<p>U Slavonskom Brodu odr\u017ean je 28. i 29. o\u017eujka 2025. jubilarni, deseti po redu znanstveni skup Dani Andrije \u0160tampara, koji organizira Op\u0107a bolnica \u201eDr. Josip Ben\u010devi\u0107\u201c, nastavna baza Medicinskog fakulteta Sveu\u010dili\u0161ta J. J. Strossmayera u Osijeku, uz pokroviteljstvo Razreda za medicinske znanosti Hrvatske akademije znanosti i umjetnosti. Skup okuplja brojne stru\u010dnjake iz podru\u010dja zdravstva, znanosti, kulture, obrazovanja i ekonomije, a tema ovogodi\u0161njeg izdanja posve\u0107ena je izazovima javnog zdravstva \u2013 nekad i danas.<\/p>\n","protected":false},"author":9,"featured_media":49936,"comment_status":"closed","ping_status":"open","sticky":false,"template":"","format":"standard","meta":[],"categories":[74],"tags":[],"_links":{"self":[{"href":"https:\/\/www.info.hazu.hr\/en\/wp-json\/wp\/v2\/posts\/49892"}],"collection":[{"href":"https:\/\/www.info.hazu.hr\/en\/wp-json\/wp\/v2\/posts"}],"about":[{"href":"https:\/\/www.info.hazu.hr\/en\/wp-json\/wp\/v2\/types\/post"}],"author":[{"embeddable":true,"href":"https:\/\/www.info.hazu.hr\/en\/wp-json\/wp\/v2\/users\/9"}],"replies":[{"embeddable":true,"href":"https:\/\/www.info.hazu.hr\/en\/wp-json\/wp\/v2\/comments?post=49892"}],"version-history":[{"count":4,"href":"https:\/\/www.info.hazu.hr\/en\/wp-json\/wp\/v2\/posts\/49892\/revisions"}],"predecessor-version":[{"id":49946,"href":"https:\/\/www.info.hazu.hr\/en\/wp-json\/wp\/v2\/posts\/49892\/revisions\/49946"}],"wp:featuredmedia":[{"embeddable":true,"href":"https:\/\/www.info.hazu.hr\/en\/wp-json\/wp\/v2\/media\/49936"}],"wp:attachment":[{"href":"https:\/\/www.info.hazu.hr\/en\/wp-json\/wp\/v2\/media?parent=49892"}],"wp:term":[{"taxonomy":"category","embeddable":true,"href":"https:\/\/www.info.hazu.hr\/en\/wp-json\/wp\/v2\/categories?post=49892"},{"taxonomy":"post_tag","embeddable":true,"href":"https:\/\/www.info.hazu.hr\/en\/wp-json\/wp\/v2\/tags?post=49892"}],"curies":[{"name":"wp","href":"https:\/\/api.w.org\/{rel}","templated":true}]}}