{"id":49776,"date":"2025-03-24T08:33:39","date_gmt":"2025-03-24T07:33:39","guid":{"rendered":"https:\/\/www.info.hazu.hr\/?p=49776"},"modified":"2025-03-24T08:33:39","modified_gmt":"2025-03-24T07:33:39","slug":"clanovi-razeda-za-glazbenu-umjetnost-i-muzikologiju-povodom-svjetskoga-dana-rane-glazbe-sudjelovali-u-emisiji-hrt-a-putovi-hrvatske-glazbe","status":"publish","type":"post","link":"https:\/\/www.info.hazu.hr\/en\/2025\/03\/clanovi-razeda-za-glazbenu-umjetnost-i-muzikologiju-povodom-svjetskoga-dana-rane-glazbe-sudjelovali-u-emisiji-hrt-a-putovi-hrvatske-glazbe\/","title":{"rendered":"\u010clanovi Razeda za glazbenu umjetnost i muzikologiju povodom Svjetskoga dana rane glazbe sudjelovali u emisiji HRT-a &#8211; Putovi hrvatske glazbe"},"content":{"rendered":"<p>&nbsp;<\/p>\n<p><strong>Povodom Svjetskoga dana rane glazbe u emisiji HRT-a &#8211; Putovi hrvatske glazbe\u00a0 \u00a0urednice Ive Lovrec \u0160tefanovi\u0107 gostovali \u010dlanovi Razeda za glazbenu umjetnost i muzikologiju: Hana Breko Kustura, Katarina Livljani\u0107 i\u00a0 Ennio Stip\u010devi\u0107<\/strong><\/p>\n<p>Svjetski dan rane glazbe obilje\u017eava se 21. o\u017eujka, na ro\u0111endan Johanna Sebastiana Bacha. Zato Putovi hrvatske glazbe u nizu\u00a0<em>Miljokazi<\/em>\u00a0otvaraju teme vezane uz ranu glazbu \u2013 od izvora do izvedbe, od studija do redakture notnih izdanja, od osmi\u0161ljavanja koncerata do planiranja festivala.\u00a0Emisija je emitirana 21. o\u017eujka, na Tre\u0107em programu Hrvatskoga radija od 11 do 13 sati. Tematizirala je muzikolo\u0161ko-istra\u017eiva\u010dki aspekt hrvatske rane glazbe u kojem su svoja iskustva predstavili Ennio Stip\u010devi\u0107 i Hana Breko Kustura, ali i onaj interpretativni u okviru kojeg su dragocjene spoznaje dali kolege glazbenici-muzikolozi, Katarina Livljani\u0107 i Dario Poljak. Emisija zami\u0161ljena u formatu okruglog stola predstavila je slu\u0161ateljstvu oris izvora hrvatske rane glazbe, te najva\u017enijih me\u0111unarodnih projekata i festivala u kojima je hrvatska rana glazba dostupna u europskom kontekstu.<\/p>\n<p>Urednica i voditeljica \u00a0emisije: <strong>Iva Lovrec Stefanovi\u0107.<\/strong><\/p>\n<p><a href=\"https:\/\/radio.hrt.hr\/slusaonica\/putovi-hrvatske-glazbe\"><strong>HRT Putovi hrvatske glazbe<\/strong><\/a><\/p>\n","protected":false},"excerpt":{"rendered":"<p>Povodom Svjetskoga dana rane glazbe u emisiji HRT-a &#8211; Putovi hrvatske glazbe urednice Ive Lovrec \u0160tefanovi\u0107 gostovali \u010dlanovi Razeda za glazbenu umjetnost i muzikologiju: Hana Breko Kustura, Katarina Livljani\u0107 i\u00a0 Ennio Stip\u010devi\u0107.<br \/>\nEmisija zami\u0161ljena u formatu okruglog stola predstavila je slu\u0161ateljstvu oris izvora hrvatske rane glazbe, te najva\u017enijih me\u0111unarodnih projekata i festivala u kojima je hrvatska rana glazba dostupna u europskom kontekstu.<\/p>\n","protected":false},"author":6,"featured_media":49778,"comment_status":"closed","ping_status":"open","sticky":false,"template":"","format":"standard","meta":[],"categories":[74],"tags":[],"_links":{"self":[{"href":"https:\/\/www.info.hazu.hr\/en\/wp-json\/wp\/v2\/posts\/49776"}],"collection":[{"href":"https:\/\/www.info.hazu.hr\/en\/wp-json\/wp\/v2\/posts"}],"about":[{"href":"https:\/\/www.info.hazu.hr\/en\/wp-json\/wp\/v2\/types\/post"}],"author":[{"embeddable":true,"href":"https:\/\/www.info.hazu.hr\/en\/wp-json\/wp\/v2\/users\/6"}],"replies":[{"embeddable":true,"href":"https:\/\/www.info.hazu.hr\/en\/wp-json\/wp\/v2\/comments?post=49776"}],"version-history":[{"count":2,"href":"https:\/\/www.info.hazu.hr\/en\/wp-json\/wp\/v2\/posts\/49776\/revisions"}],"predecessor-version":[{"id":49780,"href":"https:\/\/www.info.hazu.hr\/en\/wp-json\/wp\/v2\/posts\/49776\/revisions\/49780"}],"wp:featuredmedia":[{"embeddable":true,"href":"https:\/\/www.info.hazu.hr\/en\/wp-json\/wp\/v2\/media\/49778"}],"wp:attachment":[{"href":"https:\/\/www.info.hazu.hr\/en\/wp-json\/wp\/v2\/media?parent=49776"}],"wp:term":[{"taxonomy":"category","embeddable":true,"href":"https:\/\/www.info.hazu.hr\/en\/wp-json\/wp\/v2\/categories?post=49776"},{"taxonomy":"post_tag","embeddable":true,"href":"https:\/\/www.info.hazu.hr\/en\/wp-json\/wp\/v2\/tags?post=49776"}],"curies":[{"name":"wp","href":"https:\/\/api.w.org\/{rel}","templated":true}]}}