{"id":49534,"date":"2025-03-12T12:00:37","date_gmt":"2025-03-12T11:00:37","guid":{"rendered":"https:\/\/www.info.hazu.hr\/?p=49534"},"modified":"2025-03-12T12:40:23","modified_gmt":"2025-03-12T11:40:23","slug":"vodece-europske-znanstvene-akademije-pozivaju-na-snazan-okvirni-program-za-istrazivanje-i-inovacije","status":"publish","type":"post","link":"https:\/\/www.info.hazu.hr\/en\/2025\/03\/vodece-europske-znanstvene-akademije-pozivaju-na-snazan-okvirni-program-za-istrazivanje-i-inovacije\/","title":{"rendered":"Vode\u0107e europske znanstvene akademije pozivaju na sna\u017ean okvirni program za Istra\u017eivanje i inovacije"},"content":{"rendered":"<p>&nbsp;<\/p>\n<p>Akademije Europske unije, me\u0111u njima i Hrvatska akademija znanosti i umjetnosti, uputile su Otvoreno pismo za ja\u010dim i sna\u017enijim Okvirnim programom za istra\u017eivanje i inovacije budu\u0107i da su europska ulaganja u istra\u017eivanja i inovacije znatno manja u odnosu na SAD, Kinu i ostale. Pismo je upu\u0107eno predsjednici Europske komisije Ursuli von der Leyen, povjereniku za prora\u010dun, borbu protiv prijevara i javnu upravu Piotru Serafinu, povjerenici za startupove, istra\u017eivanje i inovacije Ekaterini Zaharievoj i predsjedniku Europskog vije\u0107a Antoniu Costi.<\/p>\n<p style=\"text-align: center;\"><a href=\"https:\/\/www.info.hazu.hr\/wp-content\/uploads\/2025\/03\/Open-letter-MFF_signed.pdf\"><strong>OTVORENO PISMO<\/strong><\/a><\/p>\n","protected":false},"excerpt":{"rendered":"<p>Akademije Europske unije, me\u0111u njima i Hrvatska akademija znanosti i umjetnosti, uputile su Otvoreno pismo za ja\u010dim i sna\u017enijim Okvirnim programom za istra\u017eivanje i inovacije budu\u0107i da su europska ulaganja u istra\u017eivanja i inovacije znatno manja u odnosu na SAD, Kinu i ostale. Pismo je upu\u0107eno predsjednici Europske komisije Ursuli von der Leyen, povjereniku za prora\u010dun, borbu protiv prijevara i javnu upravu Piotru Serafinu, povjerenici za startupove, istra\u017eivanje i inovacije Ekaterini Zaharievoj i predsjedniku Europskog vije\u0107a Antoniu Costi.<\/p>\n","protected":false},"author":6,"featured_media":49540,"comment_status":"closed","ping_status":"open","sticky":false,"template":"","format":"standard","meta":[],"categories":[74,108],"tags":[],"_links":{"self":[{"href":"https:\/\/www.info.hazu.hr\/en\/wp-json\/wp\/v2\/posts\/49534"}],"collection":[{"href":"https:\/\/www.info.hazu.hr\/en\/wp-json\/wp\/v2\/posts"}],"about":[{"href":"https:\/\/www.info.hazu.hr\/en\/wp-json\/wp\/v2\/types\/post"}],"author":[{"embeddable":true,"href":"https:\/\/www.info.hazu.hr\/en\/wp-json\/wp\/v2\/users\/6"}],"replies":[{"embeddable":true,"href":"https:\/\/www.info.hazu.hr\/en\/wp-json\/wp\/v2\/comments?post=49534"}],"version-history":[{"count":7,"href":"https:\/\/www.info.hazu.hr\/en\/wp-json\/wp\/v2\/posts\/49534\/revisions"}],"predecessor-version":[{"id":49547,"href":"https:\/\/www.info.hazu.hr\/en\/wp-json\/wp\/v2\/posts\/49534\/revisions\/49547"}],"wp:featuredmedia":[{"embeddable":true,"href":"https:\/\/www.info.hazu.hr\/en\/wp-json\/wp\/v2\/media\/49540"}],"wp:attachment":[{"href":"https:\/\/www.info.hazu.hr\/en\/wp-json\/wp\/v2\/media?parent=49534"}],"wp:term":[{"taxonomy":"category","embeddable":true,"href":"https:\/\/www.info.hazu.hr\/en\/wp-json\/wp\/v2\/categories?post=49534"},{"taxonomy":"post_tag","embeddable":true,"href":"https:\/\/www.info.hazu.hr\/en\/wp-json\/wp\/v2\/tags?post=49534"}],"curies":[{"name":"wp","href":"https:\/\/api.w.org\/{rel}","templated":true}]}}