{"id":45317,"date":"2024-10-23T13:11:08","date_gmt":"2024-10-23T11:11:08","guid":{"rendered":"https:\/\/www.info.hazu.hr\/?p=45317"},"modified":"2024-10-23T13:12:04","modified_gmt":"2024-10-23T11:12:04","slug":"predstavljena-knjiga-akademkinje-dubravke-oraic-tolic-tvojim-glasom-ljubav-u-sjeni-politike","status":"publish","type":"post","link":"https:\/\/www.info.hazu.hr\/en\/2024\/10\/predstavljena-knjiga-akademkinje-dubravke-oraic-tolic-tvojim-glasom-ljubav-u-sjeni-politike\/","title":{"rendered":"Predstavljena knjiga akademkinje Dubravke Orai\u0107 Toli\u0107 Tvojim Glasom. Ljubav u sjeni politike"},"content":{"rendered":"<div class=\"a-description\">U utorak 22. listopada 2024. u Matici hrvatskoj u Zagrebu predstavljena je knjiga <em>Tvojim Glasom. Ljubav u sjeni politike,<\/em> autorice teoreti\u010darke knji\u017eevnosti i kulture, pjesnikinje, esejistice i prevoditeljice <strong>akademkinje Dubravke Orai\u0107 Toli\u0107<\/strong>, objavljena u nakladi Ljevak.<\/div>\n<div class=\"user-content\">\n<div>Knjiga pripada \u017eanru lirske autobiografske proze s jakim dru\u0161tvenim i kulturnim kontekstom. U knjizi se spajaju autori\u010dina biografija i obiteljska memoaristika, osobne sudbine i politi\u010dka povijest, intimna svakodnevica i prohujala kultura 20. stolje\u0107a u prostornom rasponu od Slavonskoga Broda do Posu\u0161ja i Hercegovine, od Borova i Vukovara do Dugoga Sela i Sesveta, od Zagreba i Be\u010da do Bonna i Z\u00fcricha.<\/div>\n<div><\/div>\n<div><img loading=\"lazy\" class=\"alignnone  wp-image-45323\" src=\"https:\/\/www.info.hazu.hr\/wp-content\/uploads\/2024\/10\/dot3-300x200.jpg\" alt=\"\" width=\"877\" height=\"584\" srcset=\"https:\/\/www.info.hazu.hr\/wp-content\/uploads\/2024\/10\/dot3-300x200.jpg 300w, https:\/\/www.info.hazu.hr\/wp-content\/uploads\/2024\/10\/dot3-1024x682.jpg 1024w, https:\/\/www.info.hazu.hr\/wp-content\/uploads\/2024\/10\/dot3-768x512.jpg 768w, https:\/\/www.info.hazu.hr\/wp-content\/uploads\/2024\/10\/dot3-391x260.jpg 391w, https:\/\/www.info.hazu.hr\/wp-content\/uploads\/2024\/10\/dot3.jpg 1040w\" sizes=\"(max-width: 877px) 100vw, 877px\" \/><\/div>\n<div><\/div>\n<div><img loading=\"lazy\" class=\"alignnone  wp-image-45325\" src=\"https:\/\/www.info.hazu.hr\/wp-content\/uploads\/2024\/10\/dot5-300x200.jpg\" alt=\"\" width=\"878\" height=\"585\" srcset=\"https:\/\/www.info.hazu.hr\/wp-content\/uploads\/2024\/10\/dot5-300x200.jpg 300w, https:\/\/www.info.hazu.hr\/wp-content\/uploads\/2024\/10\/dot5-1024x682.jpg 1024w, https:\/\/www.info.hazu.hr\/wp-content\/uploads\/2024\/10\/dot5-768x512.jpg 768w, https:\/\/www.info.hazu.hr\/wp-content\/uploads\/2024\/10\/dot5-391x260.jpg 391w, https:\/\/www.info.hazu.hr\/wp-content\/uploads\/2024\/10\/dot5.jpg 1040w\" sizes=\"(max-width: 878px) 100vw, 878px\" \/><\/div>\n<p>Uz autoricu, knjigu su predstavili <strong>Nives Toma\u0161evi\u0107<\/strong>, urednica, <strong>akademkinja Helena Sabli\u0107 Tomi\u0107<\/strong>, knji\u017eevna kriti\u010darka i sveu\u010dili\u0161na profesorica, <strong>Antun Vuji\u0107<\/strong>, politi\u010dar i leksikograf i <strong>Robert Kurba\u0161a<\/strong>, dramski umjetnik, a nazo\u010dnima se obratio i predsjednik Matice hrvatske <strong>akademik Miro Gavran<\/strong>.<\/p>\n<\/div>\n<div>Na predstavljanju su bili nazo\u010dni i predsjednik HAZU <strong>akademik Velimir Neidhardt<\/strong>, potpredsjednik <strong>akademik Frano Para\u0107<\/strong>, glavni tajnik <strong>akademik Dario Vretenar<\/strong> te ve\u0107i broj drugih akademika.<\/div>\n<div><\/div>\n<div><img loading=\"lazy\" class=\"alignnone  wp-image-45321\" src=\"https:\/\/www.info.hazu.hr\/wp-content\/uploads\/2024\/10\/dot2-200x300.jpg\" alt=\"\" width=\"545\" height=\"818\" srcset=\"https:\/\/www.info.hazu.hr\/wp-content\/uploads\/2024\/10\/dot2-200x300.jpg 200w, https:\/\/www.info.hazu.hr\/wp-content\/uploads\/2024\/10\/dot2-682x1024.jpg 682w, https:\/\/www.info.hazu.hr\/wp-content\/uploads\/2024\/10\/dot2.jpg 693w\" sizes=\"(max-width: 545px) 100vw, 545px\" \/><\/div>\n","protected":false},"excerpt":{"rendered":"<p>U utorak 22. listopada 2024. u Matici hrvatskoj u Zagrebu predstavljena je knjiga Tvojim Glasom. Ljubav u sjeni politike, autorice teoreti\u010darke knji\u017eevnosti i kulture, pjesnikinje, esejistice i prevoditeljice akademkinje Dubravke Orai\u0107 Toli\u0107, objavljena u nakladi Ljevak.\u00a0Na predstavljanju su bili nazo\u010dni i predsjednik HAZU akademik Velimir Neidhardt, potpredsjednik akademik Frano Para\u0107, glavni tajnik akademik Dario Vretenar te ve\u0107i broj drugih akademika.\u00a0<\/p>\n","protected":false},"author":9,"featured_media":45318,"comment_status":"closed","ping_status":"open","sticky":false,"template":"","format":"standard","meta":[],"categories":[74],"tags":[],"_links":{"self":[{"href":"https:\/\/www.info.hazu.hr\/en\/wp-json\/wp\/v2\/posts\/45317"}],"collection":[{"href":"https:\/\/www.info.hazu.hr\/en\/wp-json\/wp\/v2\/posts"}],"about":[{"href":"https:\/\/www.info.hazu.hr\/en\/wp-json\/wp\/v2\/types\/post"}],"author":[{"embeddable":true,"href":"https:\/\/www.info.hazu.hr\/en\/wp-json\/wp\/v2\/users\/9"}],"replies":[{"embeddable":true,"href":"https:\/\/www.info.hazu.hr\/en\/wp-json\/wp\/v2\/comments?post=45317"}],"version-history":[{"count":2,"href":"https:\/\/www.info.hazu.hr\/en\/wp-json\/wp\/v2\/posts\/45317\/revisions"}],"predecessor-version":[{"id":45327,"href":"https:\/\/www.info.hazu.hr\/en\/wp-json\/wp\/v2\/posts\/45317\/revisions\/45327"}],"wp:featuredmedia":[{"embeddable":true,"href":"https:\/\/www.info.hazu.hr\/en\/wp-json\/wp\/v2\/media\/45318"}],"wp:attachment":[{"href":"https:\/\/www.info.hazu.hr\/en\/wp-json\/wp\/v2\/media?parent=45317"}],"wp:term":[{"taxonomy":"category","embeddable":true,"href":"https:\/\/www.info.hazu.hr\/en\/wp-json\/wp\/v2\/categories?post=45317"},{"taxonomy":"post_tag","embeddable":true,"href":"https:\/\/www.info.hazu.hr\/en\/wp-json\/wp\/v2\/tags?post=45317"}],"curies":[{"name":"wp","href":"https:\/\/api.w.org\/{rel}","templated":true}]}}