{"id":44848,"date":"2024-10-03T12:07:10","date_gmt":"2024-10-03T10:07:10","guid":{"rendered":"https:\/\/www.info.hazu.hr\/?p=44848"},"modified":"2024-10-03T14:16:16","modified_gmt":"2024-10-03T12:16:16","slug":"umro-prof-dr-sc-duro-dezelic","status":"publish","type":"post","link":"https:\/\/www.info.hazu.hr\/en\/2024\/10\/umro-prof-dr-sc-duro-dezelic\/","title":{"rendered":"Umro prof. dr. sc. \u0110uro De\u017eeli\u0107"},"content":{"rendered":"<p>U petak 27. rujna 2024. u Zagrebu je u 90. godini \u017eivota umro <strong>prof. dr. sc. \u0110uro De\u017eeli\u0107<\/strong>, kemi\u010dar, medicinski informati\u010dar i diplomat koji je 2016. Hrvatskoj akademiji znanosti i umjetnosti darovao iznimno vrijedan laboratorijski dnevnik svog oca Mladena De\u017eeli\u0107a o konzerviranju Ba\u0161\u0107anske plo\u010de.<\/p>\n<p>Konzerviranje Ba\u0161\u0107anske plo\u010de provedeno je nakon \u0161to je plo\u010da 1934. iz Ba\u0161ke dopremljena u Zagreb u Akademijinu pala\u010du, gdje je nakon konzerviranja izlo\u017eena u atriju. Kamen Ba\u0161\u0107anske plo\u010de je nagrizala sol i po\u010dela se raspadati te je kemi\u010dar Mladen De\u017eeli\u0107 prona\u0161ao metodu kojom se plo\u010da ispirala velikim koli\u010dinama vode. Tim postupkom, koji je nazvan \u201elije\u010denjem Ba\u0161\u0107anske plo\u010de\u201c, zaustavljeno je njeno daljnje propadanje i omogu\u0107ena bolja \u010ditljivost teksta, \u0161to je De\u017eeli\u0107 detaljno opisao u Ljetopisu Hrvatske akademije znanosti i umjetnosti 1943. u tekstu <a href=\"https:\/\/dizbi.hazu.hr\/a\/?pr=i&amp;id=175446\"><em>Ba\u0161\u010danska plo\u010da i njeno konzerviranje.<\/em><\/a><\/p>\n<p><img loading=\"lazy\" class=\"alignnone wp-image-44852\" src=\"https:\/\/www.info.hazu.hr\/wp-content\/uploads\/2024\/10\/12-300x200.jpg\" alt=\"\" width=\"770\" height=\"513\" srcset=\"https:\/\/www.info.hazu.hr\/wp-content\/uploads\/2024\/10\/12-300x200.jpg 300w, https:\/\/www.info.hazu.hr\/wp-content\/uploads\/2024\/10\/12-1024x682.jpg 1024w, https:\/\/www.info.hazu.hr\/wp-content\/uploads\/2024\/10\/12-768x512.jpg 768w, https:\/\/www.info.hazu.hr\/wp-content\/uploads\/2024\/10\/12-391x260.jpg 391w, https:\/\/www.info.hazu.hr\/wp-content\/uploads\/2024\/10\/12.jpg 1331w\" sizes=\"(max-width: 770px) 100vw, 770px\" \/><\/p>\n<p>\u0110uro De\u017eeli\u0107 ro\u0111en je 8. velja\u010de 1935. u Zagrebu. Diplomirao je kemiju 1958. na Prirodoslovno-matemati\u010dkom fakultetu, a naslov doktora znanosti stekao je 1960. na istom fakultetu. Postdoktorsko usavr\u0161avanje u podru\u010dju fizikalne kemije proveo je 1965.\/66. u SAD na Indiana University u Bloomingtonu Kasnije se usavr\u0161avao u podru\u010dju op\u0107e informatike i medicinske informatike u Italiji, Velikoj Britaniji, Francuskoj, Belgiji i Japanu. Znanstvenu i akademsku karijeru po\u010deo je 1958. kao asistent u Zavodu za fizi\u010dku kemiju Prirodoslovno-matemati\u010dkog fakulteta. Od 1962. bio je asistent u Odjelu za primijenjenu biokemiju \u0160kole narodnog zdravlja \u201eAndrija \u0160tampar\u201c Medicinskog fakulteta u Zagrebu, a 1963. habilitirao se u zvanje naslovnog docenta na istom fakultetu. Godine 1964. izabran je za docenta, 1970. za izvanrednog profesora, a 1975. za redovitog profesora medicinske informatike na Medicinskom fakultetu u Zagrebu. Godine 2000. Sveu\u010dili\u0161te u Zagrebu izabralo ga je u trajno znanstveno-nastavno zvanje redovitoga profesora Medicinskog fakulteta Sveu\u010dili\u0161ta u Zagrebu. Predavao je medicinsku informatiku i na medicinskim fakultetima u Hrvatskoj i tada\u0161njoj Jugoslaviji. Od 1993. do 1996. bio je prvi veleposlanik Republike Hrvatske u Danskoj, Norve\u0161koj i Islandu (sa sjedi\u0161tem u Kopenhagenu), istodobno akreditiran kod Europskog ureda Svjetske zdravstvene organizacije u Kopenhagenu, te od 1996. do 2000. veleposlanik u Slova\u010dkoj.<\/p>\n<p>\u0110uro De\u017eeli\u0107 bio je redoviti\u00a0 \u010dlan Dru\u017ebe &#8220;Bra\u0107a Hrvatskoga Zmaja&#8221; u Zagrebu od obnavljanja njena kulturnog rada 1990., bio je \u010dlan njenog Me\u0161tarskog zbora i me\u0161tar prirodoslovlja od 1990. do 1992., a od 1992. do 1993. bio je veliki me\u0161tar Dru\u017ebe.\u00a0Jedan od osniva\u010da Dru\u017ebe bio je njegov djed Velimir De\u017eeli\u0107, ujedno utemeljitelj zagreba\u010dke Gradske knji\u017enice, ravnatelj Nacionalne i sveu\u010dili\u0161ne knji\u017enice i knji\u017eevnik, zaslu\u017ean za prijenos posmrtnih ostataka Petra Zrinskog i Frana Krste Frankopana iz Be\u010dkog Novog Mjesta u Zagreb 1919. kada su bili izlo\u017eeni u pala\u010di Akademije i zatim pokopani u katedrali. Pradjed Gjuro Stjepan De\u017eeli\u0107 zaslu\u017ean je za organizaciju vatrogasne slu\u017ebe u Hrvatskoj te se smatra ocem hrvatskog vatrogastva.<\/p>\n","protected":false},"excerpt":{"rendered":"<p>U petak 27. rujna 2024. u Zagrebu je u 90. godini \u017eivota umro prof. dr. sc. \u0110uro De\u017eeli\u0107, kemi\u010dar, medicinski informati\u010dar i diplomat koji je 2016. Hrvatskoj akademiji znanosti i umjetnosti darovao iznimno vrijedan laboratorijski dnevnik svog oca Mladena De\u017eeli\u0107a o konzerviranju Ba\u0161\u0107anske plo\u010de.<\/p>\n","protected":false},"author":9,"featured_media":44849,"comment_status":"closed","ping_status":"open","sticky":false,"template":"","format":"standard","meta":[],"categories":[74],"tags":[],"_links":{"self":[{"href":"https:\/\/www.info.hazu.hr\/en\/wp-json\/wp\/v2\/posts\/44848"}],"collection":[{"href":"https:\/\/www.info.hazu.hr\/en\/wp-json\/wp\/v2\/posts"}],"about":[{"href":"https:\/\/www.info.hazu.hr\/en\/wp-json\/wp\/v2\/types\/post"}],"author":[{"embeddable":true,"href":"https:\/\/www.info.hazu.hr\/en\/wp-json\/wp\/v2\/users\/9"}],"replies":[{"embeddable":true,"href":"https:\/\/www.info.hazu.hr\/en\/wp-json\/wp\/v2\/comments?post=44848"}],"version-history":[{"count":3,"href":"https:\/\/www.info.hazu.hr\/en\/wp-json\/wp\/v2\/posts\/44848\/revisions"}],"predecessor-version":[{"id":44857,"href":"https:\/\/www.info.hazu.hr\/en\/wp-json\/wp\/v2\/posts\/44848\/revisions\/44857"}],"wp:featuredmedia":[{"embeddable":true,"href":"https:\/\/www.info.hazu.hr\/en\/wp-json\/wp\/v2\/media\/44849"}],"wp:attachment":[{"href":"https:\/\/www.info.hazu.hr\/en\/wp-json\/wp\/v2\/media?parent=44848"}],"wp:term":[{"taxonomy":"category","embeddable":true,"href":"https:\/\/www.info.hazu.hr\/en\/wp-json\/wp\/v2\/categories?post=44848"},{"taxonomy":"post_tag","embeddable":true,"href":"https:\/\/www.info.hazu.hr\/en\/wp-json\/wp\/v2\/tags?post=44848"}],"curies":[{"name":"wp","href":"https:\/\/api.w.org\/{rel}","templated":true}]}}