{"id":40082,"date":"2024-02-13T10:10:22","date_gmt":"2024-02-13T09:10:22","guid":{"rendered":"https:\/\/www.info.hazu.hr\/?p=40082"},"modified":"2024-02-13T10:10:22","modified_gmt":"2024-02-13T09:10:22","slug":"svecani-kolokvij-u-povodu-85-rodendana-akademika-zvonimira-mrkonjica","status":"publish","type":"post","link":"https:\/\/www.info.hazu.hr\/en\/2024\/02\/svecani-kolokvij-u-povodu-85-rodendana-akademika-zvonimira-mrkonjica\/","title":{"rendered":"Sve\u010dani kolokvij u povodu 85. ro\u0111endana akademika Zvonimira Mrkonji\u0107a"},"content":{"rendered":"<p>U Matici hrvatskoj 5. velja\u010de 2024. odr\u017ean je sve\u010dani kolokvij u povodu 85. ro\u0111endana <strong>akademika Zvonimira Mrkonji\u0107a<\/strong>. Skup je u ime Razreda za knji\u017eevnost Hrvatske akademije znanosti i umjetnosti pozdravila tajnica Razreda <strong>akademkinja Dubravka Orai\u0107 Toli\u0107<\/strong>. Na skupu je obra\u0111en cjelokupni opus akademika Mrkonji\u0107a (pjesni\u0161tvo, antologijski rad, knji\u017eevne kritike, kazali\u0161na djelatnost). Radovi sa skupa bit \u0107e objavljeni u Mati\u010dinu \u010dasopisu <em>Kolo<\/em>.<\/p>\n<p><img loading=\"lazy\" class=\"alignnone  wp-image-40085\" src=\"https:\/\/www.info.hazu.hr\/wp-content\/uploads\/2024\/02\/Mrkonjic-3-200x300.jpg\" alt=\"\" width=\"470\" height=\"705\" srcset=\"https:\/\/www.info.hazu.hr\/wp-content\/uploads\/2024\/02\/Mrkonjic-3-200x300.jpg 200w, https:\/\/www.info.hazu.hr\/wp-content\/uploads\/2024\/02\/Mrkonjic-3-683x1024.jpg 683w, https:\/\/www.info.hazu.hr\/wp-content\/uploads\/2024\/02\/Mrkonjic-3-768x1152.jpg 768w, https:\/\/www.info.hazu.hr\/wp-content\/uploads\/2024\/02\/Mrkonjic-3-1024x1536.jpg 1024w, https:\/\/www.info.hazu.hr\/wp-content\/uploads\/2024\/02\/Mrkonjic-3-1365x2048.jpg 1365w, https:\/\/www.info.hazu.hr\/wp-content\/uploads\/2024\/02\/Mrkonjic-3-scaled.jpg 1706w\" sizes=\"(max-width: 470px) 100vw, 470px\" \/><\/p>\n<p><img loading=\"lazy\" class=\"alignnone  wp-image-40087\" src=\"https:\/\/www.info.hazu.hr\/wp-content\/uploads\/2024\/02\/Mrkonjic-2-200x300.jpg\" alt=\"\" width=\"469\" height=\"704\" srcset=\"https:\/\/www.info.hazu.hr\/wp-content\/uploads\/2024\/02\/Mrkonjic-2-200x300.jpg 200w, https:\/\/www.info.hazu.hr\/wp-content\/uploads\/2024\/02\/Mrkonjic-2-683x1024.jpg 683w, https:\/\/www.info.hazu.hr\/wp-content\/uploads\/2024\/02\/Mrkonjic-2-768x1152.jpg 768w, https:\/\/www.info.hazu.hr\/wp-content\/uploads\/2024\/02\/Mrkonjic-2-1024x1536.jpg 1024w, https:\/\/www.info.hazu.hr\/wp-content\/uploads\/2024\/02\/Mrkonjic-2-1365x2048.jpg 1365w, https:\/\/www.info.hazu.hr\/wp-content\/uploads\/2024\/02\/Mrkonjic-2-scaled.jpg 1706w\" sizes=\"(max-width: 469px) 100vw, 469px\" \/><\/p>\n","protected":false},"excerpt":{"rendered":"<p>U Matici hrvatskoj 5. velja\u010de 2024. odr\u017ean je sve\u010dani kolokvij u povodu 85. ro\u0111endana akademika Zvonimira Mrkonji\u0107a. Skup je u ime Razreda za knji\u017eevnost Hrvatske akademije znanosti i umjetnosti pozdravila tajnica Razreda akademkinja Dubravka Orai\u0107 Toli\u0107. Na skupu je obra\u0111en cjelokupni opus akademika Mrkonji\u0107a (pjesni\u0161tvo, antologijski rad, knji\u017eevne kritike, kazali\u0161na djelatnost). Radovi sa skupa bit \u0107e objavljeni u Mati\u010dinu \u010dasopisu Kolo.<\/p>\n","protected":false},"author":9,"featured_media":40083,"comment_status":"closed","ping_status":"open","sticky":false,"template":"","format":"standard","meta":[],"categories":[74],"tags":[],"_links":{"self":[{"href":"https:\/\/www.info.hazu.hr\/en\/wp-json\/wp\/v2\/posts\/40082"}],"collection":[{"href":"https:\/\/www.info.hazu.hr\/en\/wp-json\/wp\/v2\/posts"}],"about":[{"href":"https:\/\/www.info.hazu.hr\/en\/wp-json\/wp\/v2\/types\/post"}],"author":[{"embeddable":true,"href":"https:\/\/www.info.hazu.hr\/en\/wp-json\/wp\/v2\/users\/9"}],"replies":[{"embeddable":true,"href":"https:\/\/www.info.hazu.hr\/en\/wp-json\/wp\/v2\/comments?post=40082"}],"version-history":[{"count":1,"href":"https:\/\/www.info.hazu.hr\/en\/wp-json\/wp\/v2\/posts\/40082\/revisions"}],"predecessor-version":[{"id":40089,"href":"https:\/\/www.info.hazu.hr\/en\/wp-json\/wp\/v2\/posts\/40082\/revisions\/40089"}],"wp:featuredmedia":[{"embeddable":true,"href":"https:\/\/www.info.hazu.hr\/en\/wp-json\/wp\/v2\/media\/40083"}],"wp:attachment":[{"href":"https:\/\/www.info.hazu.hr\/en\/wp-json\/wp\/v2\/media?parent=40082"}],"wp:term":[{"taxonomy":"category","embeddable":true,"href":"https:\/\/www.info.hazu.hr\/en\/wp-json\/wp\/v2\/categories?post=40082"},{"taxonomy":"post_tag","embeddable":true,"href":"https:\/\/www.info.hazu.hr\/en\/wp-json\/wp\/v2\/tags?post=40082"}],"curies":[{"name":"wp","href":"https:\/\/api.w.org\/{rel}","templated":true}]}}