{"id":37637,"date":"2023-10-25T14:39:08","date_gmt":"2023-10-25T12:39:08","guid":{"rendered":"https:\/\/www.info.hazu.hr\/?p=37637"},"modified":"2023-10-25T14:40:30","modified_gmt":"2023-10-25T12:40:30","slug":"akademik-ivo-slaus-odlikovan-redom-kneza-trpimira-s-ogrlicom-i-danicom","status":"publish","type":"post","link":"https:\/\/www.info.hazu.hr\/en\/2023\/10\/akademik-ivo-slaus-odlikovan-redom-kneza-trpimira-s-ogrlicom-i-danicom\/","title":{"rendered":"Akademik Ivo \u0160laus odlikovan Redom kneza Trpimira s ogrlicom i Danicom"},"content":{"rendered":"<p>Odlukom predsjednika Republike Hrvatske Zorana Milanovi\u0107a istaknuti hrvatski fizi\u010dar <strong>akademik Ivo \u0160laus<\/strong> odlikovan je Redom kneza Trpimira s ogrlicom i Danicom, za osobite zasluge u podru\u010dju znanosti, istra\u017eivanja, me\u0111unarodnih odnosa te izniman doprinos ugledu Republike Hrvatske i njezinom me\u0111unarodnom polo\u017eaju u svijetu. Odlikovanje je na sve\u010danosti u Uredu Predsjednika Republike u Zagrebu u srijedu 25. listopada 2023. preuzeo sin akademika Ive \u0160lausa <strong>akademik Mario \u0160laus<\/strong>.<\/p>\n<p><img loading=\"lazy\" class=\"alignnone wp-image-37640\" src=\"https:\/\/www.info.hazu.hr\/wp-content\/uploads\/2023\/10\/slaus-odlikovanje2023.jpg2_-300x169.jpg\" alt=\"\" width=\"1086\" height=\"612\" srcset=\"https:\/\/www.info.hazu.hr\/wp-content\/uploads\/2023\/10\/slaus-odlikovanje2023.jpg2_-300x169.jpg 300w, https:\/\/www.info.hazu.hr\/wp-content\/uploads\/2023\/10\/slaus-odlikovanje2023.jpg2_-768x432.jpg 768w, https:\/\/www.info.hazu.hr\/wp-content\/uploads\/2023\/10\/slaus-odlikovanje2023.jpg2_.jpg 1024w\" sizes=\"(max-width: 1086px) 100vw, 1086px\" \/><\/p>\n<p>&nbsp;<\/p>\n<p>Akademik Ivo \u0160laus ro\u0111en je 26.rujna 1931. u Splitu. Na Prirodoslovno-matemati\u010dkom fakultetu u Zagrebu je diplomirao 1954. i doktorirao 1958. Radio u Institutu \u00bbRu\u0111er Bo\u0161kovi\u0107\u00ab (1954\u201398), znanstveni savjetnik (od 1967) te kao predava\u010d na Prirodoslovno-matemati\u010dkom fakultetu.<\/p>\n<p>Podru\u010d<img loading=\"lazy\" class=\"alignleft wp-image-20203 size-medium\" src=\"https:\/\/www.info.hazu.hr\/wp-content\/uploads\/2021\/02\/IvoSlaus-220x300.jpg\" alt=\"\" width=\"220\" height=\"300\" \/>ja njegovog primarnog znanstvenog rada su nuklearna fizika, fizika \u010destica i medicinska fizika, uvodio je i razvijao nove eksperimentalne tehnike i metode analize o \u010demu je objavio vi\u0161e od 411 radova od toga 6 monografija iz fizike, citirano ukupno 2500 puta s h-faktorom preko 35 (17 znanstvenih radova s preko 50 citata).\u00a0 Me\u0111u prvima je istra\u017eivao nuklearna me\u0111udjelovanja izvan energetske ljuske. Na podru\u010dju medicinske nuklearne fizike bavio se radiofarmaceuticima i razvojem neutronske radioterapije, jedan je od organizatora skupova o nuklearnoj medicini. Me\u0111unarodni odnosi, odr\u017eivi razvoj i znanost o znanosti su tako\u0111er podru\u010dja istra\u017eivanja akademika \u0160lausa.<\/p>\n<p>Pozvani predava\u010d bio je na 57 me\u0111unarodnih konferencija, organizirao je 18 me\u0111unarodnih konferencija. Bio je glavni istra\u017eiva\u010d na projektima IAEA, EU, NSF (SAD), a u dva navrata 2005. i 2008. direktor NATO workshopa. Recenzent za projekte EU Framework 5, 6 i 7, te za NSF, DOE projekte u SAD i u RH.<\/p>\n<p>Po\u010dasni je \u010dlan udru\u017eenja ameri\u010dkih fizi\u010dara (American Physical Society). Bio je gostuju\u0107i profesor (visiting professor) na nizu sveu\u010dili\u0161ta i savjetnik u znanstvenim laboratorijima: University of California, Los Angeles, SAD (1964. \u2013 2003.), Georgetown University, Washington, DC (1972. \u2013 94.), Duke University, NC (1980. \u2013 danas), Free University, Amsterdam, Nizozemska (1974.), Universite Louvain, Louvain-la-Neuve, Belgija (1975.), Kyoto University, Japan (1981.), te savjetnik Los Alamos National Laboratory, Los Alamos, NM (1972. \u2013 2002.), Naval Research Laboratory, Washington, DC (1973. \u2013 1980.), Institut Jo\u017eef Stefan i Internatioanl postgraduate school Jo\u017eef Stefan, Ljubljana (1996. \u2013 danas).<\/p>\n<p>Godine 1977. izabran je za izvanrednog, a 1991. postaje redoviti \u010dlan Hrvatske akademije znanosti i umjetnosti. Iste godine postao je i predsjednik Odbora HAZU za me\u0111unarodnu suradnju. Za vrijeme njegovog predsjedavanja HAZU je postala \u010dlan Me\u0111unarodnog vije\u0107a znanstvenih dru\u0161tava ICSU, me\u0111unarodnih i europskih udruga znanstvenih dru\u0161tava i udruge Europskih akademija znanosti i umjetnost (ALLEA) i udruge svih akademija svijeta (IAP i IAMP).<\/p>\n<p>Od 2000. do 2003. bio je zastupnik u Hrvatskom Saboru, \u010dlan Odbora za me\u0111unarodne odnose i Odbora za obrazovanje, znanost, kulturu i \u0161port. Godine 1997. je su-osnovao i bio glavni tajnik Hrvatskog pokreta za demokraciju i socijalnu pravdu.<\/p>\n<p>\u010clan je i suosniva\u010d Academia Europaea (od 1988.) i predsjednik njenog Odbora za fiziku i tehni\u010dke znanosti (1990. \u2013 1994.), \u010dlan Academia Scientiarum et Artium Europaea u Salzburgu (od 1992.), \u010dlan World Academy of Art and Science (WAAS) (od 1994.) i njen predsjednik (2011. \u2013 2013.), a sada je njen po\u010dasni predsjednik, od 2005. je \u010dlan predsjedni\u0161tva WAAS i bio je predsjednik za Jugoisto\u010dnu Europu. Osniva\u010d\u00a0 je i glavni urednik \u010dasopisa Cadmus, kojeg izdaje WAAS.\u00a0Po\u010dasni je \u010dlan New Westminster College, Vancouver, Kanada. Vanjski je \u010dlan Makedonske akademije i dopisni \u010dlan Crnogorske akademije, te Akademije medicinskih znanosti Hrvatske.\u00a0\u010clan je Me\u0111unarodnog savjeta za Science Policy Studies, \u010dlan World Innovation foruma, \u010dlan UNESCO Task group for Revitalizing R&amp;D u Jugoisto\u010dnoj Europi, suosniva\u010d i predsjednik Me\u0111unarodnog centra za odr\u017eivi razvoj u Ljubljani. Od 2002.\u00a0 je \u010dlan Me\u0111unarodnog vije\u0107a Pugwash conferences on Science and World Affairs kao i \u010dlan Po\u010dasnog Odbora i panelist me\u0111unarodne konferencije: Religion, Science and the Environment.<\/p>\n<p>Od 1987. je \u010dlan Rimskog kluba, a 1993. osnovao je i postao predsjednikom Hrvatske udruge Rimskog kluba.<\/p>\n<p>Akademik Ivo \u0160laus dobitnik je nagrade Ru\u0111er Bo\u0161kovi\u0107 1962. i 1969. godine, a 2008. primio je Dr\u017eavnu nagradu za znanost za \u017eivotno djelo.<\/p>\n","protected":false},"excerpt":{"rendered":"<p>Odlukom predsjednika Republike Hrvatske Zorana Milanovi\u0107a istaknuti hrvatski fizi\u010dar akademik Ivo \u0160laus odlikovan je Redom kneza Trpimira s ogrlicom i Danicom, za osobite zasluge u podru\u010dju znanosti, istra\u017eivanja, me\u0111unarodnih odnosa te izniman doprinos ugledu Republike Hrvatske i njezinom me\u0111unarodnom polo\u017eaju u svijetu. Odlikovanje je na sve\u010danosti u Uredu Predsjednika Republike u Zagrebu u srijedu 25. listopada 2023. preuzeo sin akademika Ive \u0160lausa akademik Mario \u0160laus.<\/p>\n","protected":false},"author":9,"featured_media":37638,"comment_status":"closed","ping_status":"open","sticky":false,"template":"","format":"standard","meta":[],"categories":[74],"tags":[],"_links":{"self":[{"href":"https:\/\/www.info.hazu.hr\/en\/wp-json\/wp\/v2\/posts\/37637"}],"collection":[{"href":"https:\/\/www.info.hazu.hr\/en\/wp-json\/wp\/v2\/posts"}],"about":[{"href":"https:\/\/www.info.hazu.hr\/en\/wp-json\/wp\/v2\/types\/post"}],"author":[{"embeddable":true,"href":"https:\/\/www.info.hazu.hr\/en\/wp-json\/wp\/v2\/users\/9"}],"replies":[{"embeddable":true,"href":"https:\/\/www.info.hazu.hr\/en\/wp-json\/wp\/v2\/comments?post=37637"}],"version-history":[{"count":3,"href":"https:\/\/www.info.hazu.hr\/en\/wp-json\/wp\/v2\/posts\/37637\/revisions"}],"predecessor-version":[{"id":37644,"href":"https:\/\/www.info.hazu.hr\/en\/wp-json\/wp\/v2\/posts\/37637\/revisions\/37644"}],"wp:featuredmedia":[{"embeddable":true,"href":"https:\/\/www.info.hazu.hr\/en\/wp-json\/wp\/v2\/media\/37638"}],"wp:attachment":[{"href":"https:\/\/www.info.hazu.hr\/en\/wp-json\/wp\/v2\/media?parent=37637"}],"wp:term":[{"taxonomy":"category","embeddable":true,"href":"https:\/\/www.info.hazu.hr\/en\/wp-json\/wp\/v2\/categories?post=37637"},{"taxonomy":"post_tag","embeddable":true,"href":"https:\/\/www.info.hazu.hr\/en\/wp-json\/wp\/v2\/tags?post=37637"}],"curies":[{"name":"wp","href":"https:\/\/api.w.org\/{rel}","templated":true}]}}