{"id":37156,"date":"2023-10-03T13:38:31","date_gmt":"2023-10-03T11:38:31","guid":{"rendered":"https:\/\/www.info.hazu.hr\/?p=37156"},"modified":"2023-10-03T13:45:49","modified_gmt":"2023-10-03T11:45:49","slug":"znanstveno-strucni-skup-bjelovarski-akademici-i-znanost","status":"publish","type":"post","link":"https:\/\/www.info.hazu.hr\/en\/2023\/10\/znanstveno-strucni-skup-bjelovarski-akademici-i-znanost\/","title":{"rendered":"Znanstveno-stru\u010dni skup Bjelovarski akademici i znanost"},"content":{"rendered":"<p>U \u010detvrtak 28. rujna 2023. u Bjelovaru je u povodu obilje\u017eavanja Dana Grada Bjelovara, Dana bjelovarskih branitelja i\u00a0 20. godi\u0161njice smrti akademika Tome Bosanca odr\u017ean znanstveno-stru\u010dni skup <em>Bjelovarski akademici i znanos<\/em>t i predstavljena knjiga <em>25 godina Razreda za tehni\u010dke znanosti Hrvatske akademije znanosti i umjetnosti \u00a01997. \u2013 2022<\/em>.\u00a0 Skup je odr\u017ean u organizaciji Zavoda za znanstvenoistra\u017eiva\u010dki i umjetni\u010dki rad HAZU u Bjelovaru i Razreda za tehni\u010dke znanosti HAZU, te suorganizatora Grada Bjelovara, Bjelovarsko-bilogorske \u017eupanije, Tehni\u010dke \u0161kole Bjelovar, U\u010diteljskog fakulteta Sveu\u010dili\u0161ta u Zagrebu, Ogranka Hrvatskog pedago\u0161ko-knji\u017eevnog zbora u Bjelovaru i Veleu\u010dili\u0161ta u Bjelovaru.<\/p>\n<p><img loading=\"lazy\" class=\"alignnone wp-image-37167\" src=\"https:\/\/www.info.hazu.hr\/wp-content\/uploads\/2023\/10\/bj7-300x225.jpg\" alt=\"\" width=\"833\" height=\"625\" srcset=\"https:\/\/www.info.hazu.hr\/wp-content\/uploads\/2023\/10\/bj7-300x225.jpg 300w, https:\/\/www.info.hazu.hr\/wp-content\/uploads\/2023\/10\/bj7-1024x768.jpg 1024w, https:\/\/www.info.hazu.hr\/wp-content\/uploads\/2023\/10\/bj7-768x576.jpg 768w, https:\/\/www.info.hazu.hr\/wp-content\/uploads\/2023\/10\/bj7-1536x1152.jpg 1536w, https:\/\/www.info.hazu.hr\/wp-content\/uploads\/2023\/10\/bj7.jpg 1600w\" sizes=\"(max-width: 833px) 100vw, 833px\" \/><\/p>\n<p>&nbsp;<\/p>\n<p>&nbsp;<\/p>\n<p><img loading=\"lazy\" class=\"alignnone wp-image-37171\" src=\"https:\/\/www.info.hazu.hr\/wp-content\/uploads\/2023\/10\/bj4-300x225.jpg\" alt=\"\" width=\"827\" height=\"620\" srcset=\"https:\/\/www.info.hazu.hr\/wp-content\/uploads\/2023\/10\/bj4-300x225.jpg 300w, https:\/\/www.info.hazu.hr\/wp-content\/uploads\/2023\/10\/bj4-1024x768.jpg 1024w, https:\/\/www.info.hazu.hr\/wp-content\/uploads\/2023\/10\/bj4-768x576.jpg 768w, https:\/\/www.info.hazu.hr\/wp-content\/uploads\/2023\/10\/bj4-1536x1152.jpg 1536w, https:\/\/www.info.hazu.hr\/wp-content\/uploads\/2023\/10\/bj4.jpg 1600w\" sizes=\"(max-width: 827px) 100vw, 827px\" \/><\/p>\n<p>&nbsp;<\/p>\n<p>O \u017eivotu i djelu akademika Tome Bosanca, jednog od osniva\u010da Razreda za tehni\u010dke znanosti HAZU govorio je akademik Ignac Lovrek, tajnik Razreda, koji je ujedno predstavio knjigu o 25 godina rada i djelovanja Razreda za tehni\u010dke znanosti HAZU, kojoj je jedan od urednika. O znanosti kao najve\u0107em otkri\u0107u \u010dovjeka predavanje je odr\u017eao prof. dr. sc. Sini\u0161a Opi\u0107, dekan U\u010diteljskog fakulteta Sveu\u010dili\u0161ta u Zagrebu. O umjetnoj inteligenciji u obrazovanju govorila je Emina Grmi\u0107, profesorica na Tehni\u010dkoj \u0161koli u Bjelovaru. Statisti\u010dke podatke i stanje o STEM obrazovanju u Bjelovarsko-bilogorskoj \u017eupaniji prikazao je profesor Dario Malogorski, ravnatelj Tehni\u010dke \u0161kole u Bjelovaru.<\/p>\n<p><img loading=\"lazy\" class=\"alignnone wp-image-37165\" src=\"https:\/\/www.info.hazu.hr\/wp-content\/uploads\/2023\/10\/bj3-225x300.jpg\" alt=\"\" width=\"512\" height=\"683\" srcset=\"https:\/\/www.info.hazu.hr\/wp-content\/uploads\/2023\/10\/bj3-225x300.jpg 225w, https:\/\/www.info.hazu.hr\/wp-content\/uploads\/2023\/10\/bj3-768x1024.jpg 768w, https:\/\/www.info.hazu.hr\/wp-content\/uploads\/2023\/10\/bj3-300x400.jpg 300w, https:\/\/www.info.hazu.hr\/wp-content\/uploads\/2023\/10\/bj3-1152x1536.jpg 1152w, https:\/\/www.info.hazu.hr\/wp-content\/uploads\/2023\/10\/bj3.jpg 1200w\" sizes=\"(max-width: 512px) 100vw, 512px\" \/><\/p>\n<p><img loading=\"lazy\" class=\"alignnone wp-image-37169\" src=\"https:\/\/www.info.hazu.hr\/wp-content\/uploads\/2023\/10\/bj2-300x225.jpg\" alt=\"\" width=\"593\" height=\"445\" srcset=\"https:\/\/www.info.hazu.hr\/wp-content\/uploads\/2023\/10\/bj2-300x225.jpg 300w, https:\/\/www.info.hazu.hr\/wp-content\/uploads\/2023\/10\/bj2-1024x768.jpg 1024w, https:\/\/www.info.hazu.hr\/wp-content\/uploads\/2023\/10\/bj2-768x576.jpg 768w, https:\/\/www.info.hazu.hr\/wp-content\/uploads\/2023\/10\/bj2-1536x1152.jpg 1536w, https:\/\/www.info.hazu.hr\/wp-content\/uploads\/2023\/10\/bj2.jpg 1600w\" sizes=\"(max-width: 593px) 100vw, 593px\" \/><\/p>\n<p>Moderatorica i voditeljica skupa bila je prof. Ornela Malogorski, predsjednica Ogranka Hrvatskog pedago\u0161ko-knji\u017eevnog zbora u Bjelovaru i \u010dlanica Znanstvenog vije\u0107a Zavoda HAZU u Bjelovaru koja je u uvodnom dijelu programa naglasila da je Zavod, s obzirom na podr\u0161ku Grada Bjelovara i Bjelovarsko-bilogorske \u017eupanije te znanstveni i stru\u010dni potencijal, postao va\u017eno sredi\u0161te znanstvenog rada te svojim radom podsje\u0107a na va\u017ene ljude i doga\u0111aje koji su zaslu\u017eni za ono \u0161to imamo danas, brinu\u0107i da ostanemo dru\u0161tvo znanja i dru\u0161tvo znanosti. Toj viziji svakako su doprinosili akademici i \u010dlanovi Hrvatske akademije s podru\u010dja Bjelovara i Bjelovarsko-bilogorske \u017eupanije kojih je bilo 16.<\/p>\n<p>Skupu su prisustvovali predsjednik Gradskog vije\u0107a Grada Bjelovara, Nenad Martinovski i zamjenica \u017eupana Bjelovarsko-bilogorske \u017eupanije Marija Jungi\u0107 koji su pozdravili sve prisutne.<\/p>\n<p>&nbsp;<\/p>\n<p><img loading=\"lazy\" class=\"alignnone wp-image-37160\" src=\"https:\/\/www.info.hazu.hr\/wp-content\/uploads\/2023\/10\/bj-225x300.jpg\" alt=\"\" width=\"593\" height=\"791\" srcset=\"https:\/\/www.info.hazu.hr\/wp-content\/uploads\/2023\/10\/bj-225x300.jpg 225w, https:\/\/www.info.hazu.hr\/wp-content\/uploads\/2023\/10\/bj-768x1024.jpg 768w, https:\/\/www.info.hazu.hr\/wp-content\/uploads\/2023\/10\/bj-300x400.jpg 300w, https:\/\/www.info.hazu.hr\/wp-content\/uploads\/2023\/10\/bj-1152x1536.jpg 1152w, https:\/\/www.info.hazu.hr\/wp-content\/uploads\/2023\/10\/bj.jpg 1200w\" sizes=\"(max-width: 593px) 100vw, 593px\" \/><\/p>\n<p><img loading=\"lazy\" class=\"alignnone wp-image-37173\" src=\"https:\/\/www.info.hazu.hr\/wp-content\/uploads\/2023\/10\/bj6-225x300.jpg\" alt=\"\" width=\"592\" height=\"790\" srcset=\"https:\/\/www.info.hazu.hr\/wp-content\/uploads\/2023\/10\/bj6-225x300.jpg 225w, https:\/\/www.info.hazu.hr\/wp-content\/uploads\/2023\/10\/bj6-768x1024.jpg 768w, https:\/\/www.info.hazu.hr\/wp-content\/uploads\/2023\/10\/bj6-300x400.jpg 300w, https:\/\/www.info.hazu.hr\/wp-content\/uploads\/2023\/10\/bj6-1152x1536.jpg 1152w, https:\/\/www.info.hazu.hr\/wp-content\/uploads\/2023\/10\/bj6.jpg 1200w\" sizes=\"(max-width: 592px) 100vw, 592px\" \/><\/p>\n","protected":false},"excerpt":{"rendered":"<p>U \u010detvrtak 28. rujna 2023. u Bjelovaru je u povodu obilje\u017eavanja Dana Grada Bjelovara, Dana bjelovarskih branitelja i\u00a0 20. godi\u0161njice smrti akademika Tome Bosanca odr\u017ean znanstveno-stru\u010dni skup Bjelovarski akademici i znanost i predstavljena knjiga 25 godina Razreda za tehni\u010dke znanosti Hrvatske akademije znanosti i umjetnosti \u00a01997. \u2013 2022.\u00a0 Skup je odr\u017ean u organizaciji Zavoda za znanstvenoistra\u017eiva\u010dki i umjetni\u010dki rad HAZU u Bjelovaru i Razreda za tehni\u010dke znanosti HAZU, te suorganizatora Grada Bjelovara, Bjelovarsko-bilogorske \u017eupanije, Tehni\u010dke \u0161kole Bjelovar, U\u010diteljskog fakulteta Sveu\u010dili\u0161ta u Zagrebu, Ogranka Hrvatskog pedago\u0161ko-knji\u017eevnog zbora u Bjelovaru i Veleu\u010dili\u0161ta u Bjelovaru.<\/p>\n","protected":false},"author":9,"featured_media":37157,"comment_status":"closed","ping_status":"open","sticky":false,"template":"","format":"standard","meta":[],"categories":[74],"tags":[],"_links":{"self":[{"href":"https:\/\/www.info.hazu.hr\/en\/wp-json\/wp\/v2\/posts\/37156"}],"collection":[{"href":"https:\/\/www.info.hazu.hr\/en\/wp-json\/wp\/v2\/posts"}],"about":[{"href":"https:\/\/www.info.hazu.hr\/en\/wp-json\/wp\/v2\/types\/post"}],"author":[{"embeddable":true,"href":"https:\/\/www.info.hazu.hr\/en\/wp-json\/wp\/v2\/users\/9"}],"replies":[{"embeddable":true,"href":"https:\/\/www.info.hazu.hr\/en\/wp-json\/wp\/v2\/comments?post=37156"}],"version-history":[{"count":5,"href":"https:\/\/www.info.hazu.hr\/en\/wp-json\/wp\/v2\/posts\/37156\/revisions"}],"predecessor-version":[{"id":37177,"href":"https:\/\/www.info.hazu.hr\/en\/wp-json\/wp\/v2\/posts\/37156\/revisions\/37177"}],"wp:featuredmedia":[{"embeddable":true,"href":"https:\/\/www.info.hazu.hr\/en\/wp-json\/wp\/v2\/media\/37157"}],"wp:attachment":[{"href":"https:\/\/www.info.hazu.hr\/en\/wp-json\/wp\/v2\/media?parent=37156"}],"wp:term":[{"taxonomy":"category","embeddable":true,"href":"https:\/\/www.info.hazu.hr\/en\/wp-json\/wp\/v2\/categories?post=37156"},{"taxonomy":"post_tag","embeddable":true,"href":"https:\/\/www.info.hazu.hr\/en\/wp-json\/wp\/v2\/tags?post=37156"}],"curies":[{"name":"wp","href":"https:\/\/api.w.org\/{rel}","templated":true}]}}