{"id":36480,"date":"2023-09-04T10:25:26","date_gmt":"2023-09-04T08:25:26","guid":{"rendered":"https:\/\/www.info.hazu.hr\/?p=36480"},"modified":"2023-09-04T10:25:26","modified_gmt":"2023-09-04T08:25:26","slug":"izlozba-andrija-medulic-schiavone-graficki-genij-manirizma","status":"publish","type":"post","link":"https:\/\/www.info.hazu.hr\/en\/2023\/09\/izlozba-andrija-medulic-schiavone-graficki-genij-manirizma\/","title":{"rendered":"Izlo\u017eba &#8220;Andrija Meduli\u0107 Schiavone \u2013 grafi\u010dki genij manirizma&#8221;"},"content":{"rendered":"<p>&nbsp;<\/p>\n<p>Hrvatska Akademija znanosti i umjetnosti jedna je od partnerskih institucija Muzeja likovnih umjetnosti u Osijeku za izlo\u017ebu <em>Andrija Meduli\u0107 Schiavone \u2013 grafi\u010dki genij manirizma<\/em> koja, povodom 460 godina od smrti ovog velikog hrvatsko-talijanskog slikara i grafi\u010dara iz 16. stolje\u0107a, prvi puta doma\u0107oj javnosti predstavlja objedinjeni prikaz umjetnikova stvarala\u0161tva.<\/p>\n<p>Nukleus izlo\u017ebe \u010dini grafike iz privatne <em>Kolekcije Baselitz<\/em>, koju je prikupio Georg Baselitz, jedan od najistaknutijih njema\u010dkih slikara-grafi\u010dara 20. stolje\u0107a i veliki zaljubljenik u djela starih majstora, a koja se danas \u010duva u Salzburgu. Nekolicina djela posu\u0111ena je iz be\u010dke Albertine i Kunsthistoriche Museuma, bolonjske Pinacotece Nazionale te pari\u0161ke Biblioth\u00e8que nacionale de France.<\/p>\n<p>Me\u0111u nacionalnim ba\u0161tinskim ustanovama koje za potrebe izlo\u017ebe ustupaju dio gra\u0111e su Kabinet grafike u Zagrebu te Zbirka Baltazara Bogi\u0161i\u0107a u Cavtatu, obje u sastavu Hrvatske akademije znanosti i umjetnosti.<\/p>\n<p>Tri rada koje se, prema umjetni\u010dkim i kulturno-povijesnim kriterijima, uvr\u0161tavaju u korpus najvrjednijih umjetnina fundusa Kabineta grafike \u2013 crte\u017e <em>Judita i Holofern<\/em> Julija J. Klovi\u0107a te grafike <em>Obra\u0107enje sv. Pavla<\/em> Cornelisa Corta prema Klovi\u0107u <em>i Navje\u0161tenje<\/em> GIovannija Jacopa Caraglie, doprinose razumijevanju vremenskog i umjetni\u010dkog konteksta za Meduli\u0107eva djelovanja, dok \u010detiri zna\u010dajne Meduli\u0107eve grafike iz Zbirke Baltazara Bogi\u0161i\u0107a (Bogorodica sa svecima, Nimfe pri kupanju i dva fauna, \u017dena pru\u017ea ruku prema \u017ertveniku, Mladi\u0107 koji savija granu) upotpunjuju predstavljanje Meduli\u0107eva grafi\u010dkog opusa.<\/p>\n<div id=\"jig1\" class=\"justified-image-grid jig-0f6d8c409649bcf55969572d24892057 jig-preset-global\"><div class=\"jig-clearfix\"><\/div><noscript id=\"jig1-html\" class=\"justified-image-grid-html\" data-lazy-src=\"skiplazyload\" data-src=\"skipunveillazyload\"><ul><li><a href=\"https:\/\/www.info.hazu.hr\/wp-content\/uploads\/2023\/09\/HAZU_ZBB-Medulic_Zena-pruza-ruku-prema-zrtveniku-e1693815653523.jpg\" title=\"HAZU_ZBB-Medulic_Zena-pruza-ruku-prema-zrtveniku\"><img src=\"https:\/\/www.info.hazu.hr\/wp-content\/plugins\/justified-image-grid\/timthumb.php?src=https%3A%2F%2Fwww.info.hazu.hr%2Fwp-content%2Fuploads%2F2023%2F09%2FHAZU_ZBB-Medulic_Zena-pruza-ruku-prema-zrtveniku-e1693815653523.jpg&amp;h=240&amp;q=90&amp;f=.jpg\" alt=\"HAZU_ZBB Medulic_Zena pru\u017ea ruku prema zrtveniku\" width=\"163\" height=\"240\" \/><\/a><p class=\"jig-HTMLdescription\">HAZU_ZBB Medulic_Zena pru\u017ea ruku prema zrtveniku<br\/>HAZU_ZBB-Medulic_Zena-pruza-ruku-prema-zrtveniku<\/p><\/li><li><a href=\"https:\/\/www.info.hazu.hr\/wp-content\/uploads\/2023\/09\/HAZU_Kabinet-grafike_Klovic_Judita-i-Holofern.jpg\" title=\"HAZU_Kabinet-grafike_Klovic_Judita-i-Holofern\"><img src=\"https:\/\/www.info.hazu.hr\/wp-content\/plugins\/justified-image-grid\/timthumb.php?src=https%3A%2F%2Fwww.info.hazu.hr%2Fwp-content%2Fuploads%2F2023%2F09%2FHAZU_Kabinet-grafike_Klovic_Judita-i-Holofern.jpg&amp;h=240&amp;q=90&amp;f=.jpg\" alt=\"HAZU_Kabinet grafike_Klovi\u0107_Judita i Holofern\" width=\"171\" height=\"240\" \/><\/a><p class=\"jig-HTMLdescription\">HAZU_Kabinet grafike_Klovi\u0107_Judita i Holofern<br\/>HAZU_Kabinet-grafike_Klovic_Judita-i-Holofern<\/p><\/li><\/ul><\/noscript><\/div>\n<p>Autori izlo\u017ebe su dr. sc. Achim Gnann (Albertina, Be\u010d) i dr. sc. Milan Pelc (Institut za povijest umjetnosti, Zagreb), a kustos izlo\u017ebe je Ivan Roth, mag. hist. art. (Muzej likovnih umjetnosti, Osijek).<\/p>\n<p>Izlo\u017eba se mo\u017ee razgledati u Muzeju likovnih umjetnosti u Osijeku od 7. rujna do 3. prosinca 2023.<\/p>\n","protected":false},"excerpt":{"rendered":"<p>Hrvatska Akademija znanosti i umjetnosti jedna je od partnerskih institucija Muzeja likovnih umjetnosti u Osijeku za izlo\u017ebu Andrija Meduli\u0107 Schiavone \u2013 grafi\u010dki genij manirizma koja, povodom 460 godina od smrti ovog velikog hrvatsko-talijanskog slikara i grafi\u010dara iz 16. stolje\u0107a, prvi puta doma\u0107oj javnosti predstavlja objedinjeni prikaz umjetnikova stvarala\u0161tva.<br \/>\nIzlo\u017eba se mo\u017ee razgledati u Muzeju likovnih umjetnosti u Osijeku od 7. rujna do 3. prosinca 2023.<\/p>\n","protected":false},"author":6,"featured_media":36481,"comment_status":"closed","ping_status":"open","sticky":false,"template":"","format":"standard","meta":[],"categories":[74],"tags":[],"_links":{"self":[{"href":"https:\/\/www.info.hazu.hr\/en\/wp-json\/wp\/v2\/posts\/36480"}],"collection":[{"href":"https:\/\/www.info.hazu.hr\/en\/wp-json\/wp\/v2\/posts"}],"about":[{"href":"https:\/\/www.info.hazu.hr\/en\/wp-json\/wp\/v2\/types\/post"}],"author":[{"embeddable":true,"href":"https:\/\/www.info.hazu.hr\/en\/wp-json\/wp\/v2\/users\/6"}],"replies":[{"embeddable":true,"href":"https:\/\/www.info.hazu.hr\/en\/wp-json\/wp\/v2\/comments?post=36480"}],"version-history":[{"count":2,"href":"https:\/\/www.info.hazu.hr\/en\/wp-json\/wp\/v2\/posts\/36480\/revisions"}],"predecessor-version":[{"id":36488,"href":"https:\/\/www.info.hazu.hr\/en\/wp-json\/wp\/v2\/posts\/36480\/revisions\/36488"}],"wp:featuredmedia":[{"embeddable":true,"href":"https:\/\/www.info.hazu.hr\/en\/wp-json\/wp\/v2\/media\/36481"}],"wp:attachment":[{"href":"https:\/\/www.info.hazu.hr\/en\/wp-json\/wp\/v2\/media?parent=36480"}],"wp:term":[{"taxonomy":"category","embeddable":true,"href":"https:\/\/www.info.hazu.hr\/en\/wp-json\/wp\/v2\/categories?post=36480"},{"taxonomy":"post_tag","embeddable":true,"href":"https:\/\/www.info.hazu.hr\/en\/wp-json\/wp\/v2\/tags?post=36480"}],"curies":[{"name":"wp","href":"https:\/\/api.w.org\/{rel}","templated":true}]}}