{"id":35000,"date":"2023-08-02T11:32:27","date_gmt":"2023-08-02T09:32:27","guid":{"rendered":"https:\/\/www.info.hazu.hr\/?p=35000"},"modified":"2023-08-02T11:34:56","modified_gmt":"2023-08-02T09:34:56","slug":"predstavljena-monografija-mila-wod-prva-hrvatska-kiparica-autorice-dr-sc-darije-alujevic","status":"publish","type":"post","link":"https:\/\/www.info.hazu.hr\/en\/2023\/08\/predstavljena-monografija-mila-wod-prva-hrvatska-kiparica-autorice-dr-sc-darije-alujevic\/","title":{"rendered":"Predstavljena monografija Mila Wod \u2013 prva hrvatska kiparica, autorice dr. sc. Darije Alujevi\u0107"},"content":{"rendered":"<p><strong>Dr. sc. Darija Alujevi\u0107<\/strong>, stru\u010dna savjetnica Arhiva za likovne umjetnosti HAZU, predstavila je u utorak 1. kolovoza 2023. u Osnovnoj \u0161koli Dragutina Tadijanovi\u0107a u Petrinji predstavila svoju monografiju Mila Wod \u2013 prva hrvatska kiparica, rezultat svog dugogodi\u0161njeg istra\u017eivanja i temu doktorske disertacije. Knjigu je objavio Ogranak Matice hrvatske u Petrinji, a predstavljanje je odr\u017eano povodom predstoje\u0107eg Dana Grada Petrinje i blagdana gradskog za\u0161titnika svetog Lovre. Na predstavljanju su uz autoricu govorili predsjednik Ogranka Matice hrvatske i urednik knjige Vladimir Krpan te recenzentica dr. sc. Irena Kra\u0161evac.<\/p>\n<p><img loading=\"lazy\" class=\"alignnone wp-image-35004\" src=\"https:\/\/www.info.hazu.hr\/wp-content\/uploads\/2023\/08\/wod1-300x225.jpg\" alt=\"\" width=\"731\" height=\"548\" srcset=\"https:\/\/www.info.hazu.hr\/wp-content\/uploads\/2023\/08\/wod1-300x225.jpg 300w, https:\/\/www.info.hazu.hr\/wp-content\/uploads\/2023\/08\/wod1-1024x768.jpg 1024w, https:\/\/www.info.hazu.hr\/wp-content\/uploads\/2023\/08\/wod1-768x576.jpg 768w, https:\/\/www.info.hazu.hr\/wp-content\/uploads\/2023\/08\/wod1-1536x1152.jpg 1536w, https:\/\/www.info.hazu.hr\/wp-content\/uploads\/2023\/08\/wod1.jpg 2000w\" sizes=\"(max-width: 731px) 100vw, 731px\" \/><\/p>\n<p><img loading=\"lazy\" class=\"alignnone wp-image-35006\" src=\"https:\/\/www.info.hazu.hr\/wp-content\/uploads\/2023\/08\/wod3-225x300.jpg\" alt=\"\" width=\"717\" height=\"956\" srcset=\"https:\/\/www.info.hazu.hr\/wp-content\/uploads\/2023\/08\/wod3-225x300.jpg 225w, https:\/\/www.info.hazu.hr\/wp-content\/uploads\/2023\/08\/wod3-768x1024.jpg 768w, https:\/\/www.info.hazu.hr\/wp-content\/uploads\/2023\/08\/wod3-300x400.jpg 300w, https:\/\/www.info.hazu.hr\/wp-content\/uploads\/2023\/08\/wod3-1152x1536.jpg 1152w, https:\/\/www.info.hazu.hr\/wp-content\/uploads\/2023\/08\/wod3.jpg 1500w\" sizes=\"(max-width: 717px) 100vw, 717px\" \/><\/p>\n<p>Mila Wod (Budimpe\u0161ta, 1888. \u2013 Zagreb, 1968.), pravim imenom Ljudmila Wodsedalek, bila je prva \u0161kolovana hrvatska kiparica. Kiparstvo je diplomirala 1911. u Zagrebu, 1912.\/1913.\u00a0 usavr\u0161avala se u Parizu, a 1919. u Pragu. Djelovala je kao likovna pedagoginja u Petrinji (1921. \u2013 1933.), Karlovcu (1933. \u2013 1938.) i Zagrebu (1938. \u2013 1950.). Od 1942. do 1945. godine vodila je Odjel za umjetnost Katoli\u010dke akcije i imala atelijer u Nadbiskupskom dvoru na Kaptolu. Izradila je reljefe u velikoj \u010ditaonici stare zgrade Nacionalne i sveu\u010dili\u0161ne knji\u017enice u Zagrebu te reljefe na zgradama Dje\u010djeg doma na Radni\u010dkom dolu i zgradi Dobrotvora u Haulikovoj ulici. Radila je uglavnom komornu i sitnu plastiku, medalje, plakete, a izme\u0111u dva svjetska rata izradila je brojne portrete. Autorica je spomenika Stjepanu Radi\u0107u u Petrinji, prvog javnog spomenika u Hrvatskoj koji je izradila jedna \u017eena, postavljenog 1936. Djela sakralne tematike nalaze se u crkvama u Zagrebu (crkve svetog Franje i Gospe Lurdske te kapela Corpus Domini), Mariji Bistrici, Brezovici, \u0106okovcu, Pagu, Sinju, Metkovi\u0107u, Fojnici, Prelo\u0161\u0107ici, Opatiji, Iloku, Rovinju i Kra\u0161i\u0107u. Blisko je sura\u0111ivala s kardinalom Alojzijem Stepincem tijekom njegovog zato\u010deni\u0161tva u Kra\u0161i\u0107u te mu nakon njegove smrti u tajnosti izradila posmrtnu masku koja se nalazi na Stepin\u010devom grobu u zagreba\u010dkoj katedrali.<\/p>\n<p>&nbsp;<\/p>\n","protected":false},"excerpt":{"rendered":"<p>Dr. sc. Darija Alujevi\u0107, stru\u010dna savjetnica Arhiva za likovne umjetnosti HAZU, predstavila je u utorak 1. kolovoza 2023. u Osnovnoj \u0161koli Dragutina Tadijanovi\u0107a u Petrinji predstavila svoju monografiju Mila Wod \u2013 prva hrvatska kiparica, rezultat svog dugogodi\u0161njeg istra\u017eivanja i temu doktorske disertacije. Knjigu je objavio Ogranak Matice hrvatske u Petrinji, a predstavljanje je odr\u017eano povodom predstoje\u0107eg Dana Grada Petrinje i blagdana gradskog za\u0161titnika svetog Lovre. Na predstavljanju su uz autoricu govorili predsjednik Ogranka Matice hrvatske i urednik knjige Vladimir Krpan te recenzentica dr. sc. Irena Kra\u0161evac.\u00a0<\/p>\n","protected":false},"author":9,"featured_media":35001,"comment_status":"closed","ping_status":"open","sticky":false,"template":"","format":"standard","meta":[],"categories":[74],"tags":[],"_links":{"self":[{"href":"https:\/\/www.info.hazu.hr\/en\/wp-json\/wp\/v2\/posts\/35000"}],"collection":[{"href":"https:\/\/www.info.hazu.hr\/en\/wp-json\/wp\/v2\/posts"}],"about":[{"href":"https:\/\/www.info.hazu.hr\/en\/wp-json\/wp\/v2\/types\/post"}],"author":[{"embeddable":true,"href":"https:\/\/www.info.hazu.hr\/en\/wp-json\/wp\/v2\/users\/9"}],"replies":[{"embeddable":true,"href":"https:\/\/www.info.hazu.hr\/en\/wp-json\/wp\/v2\/comments?post=35000"}],"version-history":[{"count":4,"href":"https:\/\/www.info.hazu.hr\/en\/wp-json\/wp\/v2\/posts\/35000\/revisions"}],"predecessor-version":[{"id":35010,"href":"https:\/\/www.info.hazu.hr\/en\/wp-json\/wp\/v2\/posts\/35000\/revisions\/35010"}],"wp:featuredmedia":[{"embeddable":true,"href":"https:\/\/www.info.hazu.hr\/en\/wp-json\/wp\/v2\/media\/35001"}],"wp:attachment":[{"href":"https:\/\/www.info.hazu.hr\/en\/wp-json\/wp\/v2\/media?parent=35000"}],"wp:term":[{"taxonomy":"category","embeddable":true,"href":"https:\/\/www.info.hazu.hr\/en\/wp-json\/wp\/v2\/categories?post=35000"},{"taxonomy":"post_tag","embeddable":true,"href":"https:\/\/www.info.hazu.hr\/en\/wp-json\/wp\/v2\/tags?post=35000"}],"curies":[{"name":"wp","href":"https:\/\/api.w.org\/{rel}","templated":true}]}}