{"id":33973,"date":"2023-06-29T11:32:41","date_gmt":"2023-06-29T09:32:41","guid":{"rendered":"https:\/\/www.info.hazu.hr\/?p=33973"},"modified":"2023-06-29T13:52:00","modified_gmt":"2023-06-29T11:52:00","slug":"izvjesce-sa-svecane-akademije-povodom-100-obljetnice-rodenja-akademika-dragutina-fles","status":"publish","type":"post","link":"https:\/\/www.info.hazu.hr\/en\/2023\/06\/izvjesce-sa-svecane-akademije-povodom-100-obljetnice-rodenja-akademika-dragutina-fles\/","title":{"rendered":"Odr\u017eana sve\u010dana akademija povodom 100. obljetnice ro\u0111enja akademika Dragutina Fle\u0161a"},"content":{"rendered":"<blockquote>\n<p style=\"padding-left: 80px;\">Razred za tehni\u010dke znanosti i Zavod za znanstveni i umjetni\u010dki rad Hrvatske akademije znanosti i umjetnosti u Osijeku organizirali su u petak, 16. lipnja 2023. godine u Gradskom muzeju Vukovar <a href=\"https:\/\/www.info.hazu.hr\/events\/svecana-akademija-povodom-100-obljetnice-rodenja-akademika-dragutina-flesa\/\"><strong>Sve\u010danu akademiju povodom 100. obljetnice ro\u0111enja akademika Dragutina Fle\u0161a<\/strong><\/a>, prvog tajnika Razreda za tehni\u010dke znanosti.<\/p>\n<p style=\"padding-left: 80px;\">Nakon pozdravnih rije\u010di organizatora, odnosno predstavnika Hrvatske akademije znanosti i umjetnosti, akademika Ignaca Lovreka, ravnateljice Gradskog muzeja Vukovar, g\u0111e. Ane Filipovi\u0107 i predstavnika grada Vukovara, gosp. Josipa Palo\u0161a uslijedila su predavanja posve\u0107ena obilje\u017eavanju 100. obljetnice ro\u0111enja akademika Dragutina Fle\u0161a.<\/p>\n<p style=\"padding-left: 80px;\">Prvo predavanje pod naslovom Akademik Dragutin Fle\u0161, prvi tajnik Razreda za tehni\u010dke znanosti Hrvatske akademije znanosti i umjetnosti odr\u017eao je akademik Ignac Lovrek, tajnik Razreda za tehni\u010dke znanosti. Predavanje naslovljeno Dragutin Fle\u0161-utemeljitelj organske stereokemije u Hrvatskoj odr\u017eao je akademik Vitomir \u0160unji\u0107. Akademkinja Vlasta Pili\u017eota, voditeljica Akademijinog Zavoda u Osijeku odr\u017eala je predavanje naslova Akademik Dragutin Fle\u0161, znanstvenoistra\u017eiva\u010dki rad i povezanost s Leopoldom (Lavoslavom) Ru\u017ei\u010dkom. Na kraju je Ivan Hubalek odr\u017eao predavanje Dragutin Fle\u0161, vukovarski Podunavac (sva\u0161tice Vukovarca o Vukovarcima i Vukovaru).<\/p>\n<p style=\"padding-left: 80px;\">Isti\u010demo da je sve\u010dana akademija odr\u017eana u prekrasnom ambijentu Dvorca Eltz u Vukovaru te da je bila iznimno posje\u0107ena.<\/p>\n<p style=\"padding-left: 80px;\">Martina Harc<\/p>\n<div id=\"jig1\" class=\"justified-image-grid jig-e7daa269b5f396e163a35f1c3e9a985f jig-preset-global\"><div class=\"jig-clearfix\"><\/div><noscript id=\"jig1-html\" class=\"justified-image-grid-html\" data-lazy-src=\"skiplazyload\" data-src=\"skipunveillazyload\"><ul><li><a href=\"https:\/\/www.info.hazu.hr\/wp-content\/uploads\/2023\/06\/100.-obljetnica-rodenja-akademika-Dragutina-Flesa.jpg\"><img src=\"https:\/\/www.info.hazu.hr\/wp-content\/plugins\/justified-image-grid\/timthumb.php?src=https%3A%2F%2Fwww.info.hazu.hr%2Fwp-content%2Fuploads%2F2023%2F06%2F100.-obljetnica-rodenja-akademika-Dragutina-Flesa.jpg&amp;h=240&amp;q=90&amp;f=.jpg\" alt=\"100. obljetnica ro\u0111enja akademika Dragutina Fle\u0161a\" width=\"235\" height=\"240\" \/><\/a><p class=\"jig-HTMLdescription\">100. obljetnica ro\u0111enja akademika Dragutina Fle\u0161a<br\/><\/p><\/li><li><a href=\"https:\/\/www.info.hazu.hr\/wp-content\/uploads\/2023\/06\/100.-obljetnica-rodenja-akademika-Dragutina-Flesa1.jpg\"><img src=\"https:\/\/www.info.hazu.hr\/wp-content\/plugins\/justified-image-grid\/timthumb.php?src=https%3A%2F%2Fwww.info.hazu.hr%2Fwp-content%2Fuploads%2F2023%2F06%2F100.-obljetnica-rodenja-akademika-Dragutina-Flesa1.jpg&amp;h=240&amp;q=90&amp;f=.jpg\" alt=\"100. obljetnica ro\u0111enja akademika Dragutina Fle\u0161a1\" width=\"320\" height=\"240\" \/><\/a><p class=\"jig-HTMLdescription\">100. obljetnica ro\u0111enja akademika Dragutina Fle\u0161a1<br\/><\/p><\/li><li><a href=\"https:\/\/www.info.hazu.hr\/wp-content\/uploads\/2023\/06\/100.-obljetnica-rodenja-akademika-Dragutina-Flesa3.jpg\"><img src=\"https:\/\/www.info.hazu.hr\/wp-content\/plugins\/justified-image-grid\/timthumb.php?src=https%3A%2F%2Fwww.info.hazu.hr%2Fwp-content%2Fuploads%2F2023%2F06%2F100.-obljetnica-rodenja-akademika-Dragutina-Flesa3.jpg&amp;h=240&amp;q=90&amp;f=.jpg\" alt=\"100. obljetnica ro\u0111enja akademika Dragutina Fle\u0161a3\" width=\"320\" height=\"240\" \/><\/a><p class=\"jig-HTMLdescription\">100. obljetnica ro\u0111enja akademika Dragutina Fle\u0161a3<br\/><\/p><\/li><li><a href=\"https:\/\/www.info.hazu.hr\/wp-content\/uploads\/2023\/06\/100.-obljetnica-rodenja-akademika-Dragutina-Flesa2.jpg\"><img src=\"https:\/\/www.info.hazu.hr\/wp-content\/plugins\/justified-image-grid\/timthumb.php?src=https%3A%2F%2Fwww.info.hazu.hr%2Fwp-content%2Fuploads%2F2023%2F06%2F100.-obljetnica-rodenja-akademika-Dragutina-Flesa2.jpg&amp;h=240&amp;q=90&amp;f=.jpg\" alt=\"100. obljetnica ro\u0111enja akademika Dragutina Fle\u0161a2\" width=\"320\" height=\"240\" \/><\/a><p class=\"jig-HTMLdescription\">100. obljetnica ro\u0111enja akademika Dragutina Fle\u0161a2<br\/><\/p><\/li><li><a href=\"https:\/\/www.info.hazu.hr\/wp-content\/uploads\/2023\/06\/100.-obljetnica-rodenja-akademika-Dragutina-Flesa4.jpg\"><img src=\"https:\/\/www.info.hazu.hr\/wp-content\/plugins\/justified-image-grid\/timthumb.php?src=https%3A%2F%2Fwww.info.hazu.hr%2Fwp-content%2Fuploads%2F2023%2F06%2F100.-obljetnica-rodenja-akademika-Dragutina-Flesa4.jpg&amp;h=240&amp;q=90&amp;f=.jpg\" alt=\"100. obljetnica ro\u0111enja akademika Dragutina Fle\u0161a4\" width=\"320\" height=\"240\" \/><\/a><p class=\"jig-HTMLdescription\">100. obljetnica ro\u0111enja akademika Dragutina Fle\u0161a4<br\/><\/p><\/li><\/ul><\/noscript><\/div><\/blockquote>\n","protected":false},"excerpt":{"rendered":"<p>Razred za tehni\u010dke znanosti i Zavod za znanstveni i umjetni\u010dki rad Hrvatske akademije znanosti i umjetnosti u Osijeku organizirali su u petak, 16. lipnja 2023. godine u Gradskom muzeju Vukovar sve\u010danu akademiju povodom 100. obljetnice ro\u0111enja akademika Dragutina Fle\u0161a, prvog tajnika Razreda za tehni\u010dke znanosti.<\/p>\n","protected":false},"author":6,"featured_media":33382,"comment_status":"closed","ping_status":"open","sticky":false,"template":"","format":"standard","meta":[],"categories":[74],"tags":[],"_links":{"self":[{"href":"https:\/\/www.info.hazu.hr\/en\/wp-json\/wp\/v2\/posts\/33973"}],"collection":[{"href":"https:\/\/www.info.hazu.hr\/en\/wp-json\/wp\/v2\/posts"}],"about":[{"href":"https:\/\/www.info.hazu.hr\/en\/wp-json\/wp\/v2\/types\/post"}],"author":[{"embeddable":true,"href":"https:\/\/www.info.hazu.hr\/en\/wp-json\/wp\/v2\/users\/6"}],"replies":[{"embeddable":true,"href":"https:\/\/www.info.hazu.hr\/en\/wp-json\/wp\/v2\/comments?post=33973"}],"version-history":[{"count":5,"href":"https:\/\/www.info.hazu.hr\/en\/wp-json\/wp\/v2\/posts\/33973\/revisions"}],"predecessor-version":[{"id":33992,"href":"https:\/\/www.info.hazu.hr\/en\/wp-json\/wp\/v2\/posts\/33973\/revisions\/33992"}],"wp:featuredmedia":[{"embeddable":true,"href":"https:\/\/www.info.hazu.hr\/en\/wp-json\/wp\/v2\/media\/33382"}],"wp:attachment":[{"href":"https:\/\/www.info.hazu.hr\/en\/wp-json\/wp\/v2\/media?parent=33973"}],"wp:term":[{"taxonomy":"category","embeddable":true,"href":"https:\/\/www.info.hazu.hr\/en\/wp-json\/wp\/v2\/categories?post=33973"},{"taxonomy":"post_tag","embeddable":true,"href":"https:\/\/www.info.hazu.hr\/en\/wp-json\/wp\/v2\/tags?post=33973"}],"curies":[{"name":"wp","href":"https:\/\/api.w.org\/{rel}","templated":true}]}}