{"id":30148,"date":"2023-02-01T11:20:36","date_gmt":"2023-02-01T10:20:36","guid":{"rendered":"https:\/\/www.info.hazu.hr\/?p=30148"},"modified":"2023-02-01T11:52:18","modified_gmt":"2023-02-01T10:52:18","slug":"predstavljanje-knjige-poezije-zefir-akademika-drage-stambuka-u-bakuu","status":"publish","type":"post","link":"https:\/\/www.info.hazu.hr\/en\/2023\/02\/predstavljanje-knjige-poezije-zefir-akademika-drage-stambuka-u-bakuu\/","title":{"rendered":"Predstavljanje knjige poezije &#8220;Zefir&#8221; akademika Drage \u0160tambuka u Bakuu"},"content":{"rendered":"<p>Na inicijativu Veleposlanstva Republike Hrvatske u Azerbajd\u017eanu, u Bakuu je 24. i 26. sije\u010dnja 2023. predstavljena knjiga poezije \u201eZefir\u201c hrvatskog pjesnika i veleposlanika u Iranu <strong>akademika Drage \u0160tambuka<\/strong>. Budu\u0107i da u Hrvatskoj jednako kao i u Azerbajd\u017eanu ne postoje me\u0111usobni prevoditelji, za prijevod \u201eZefira\u201c kori\u0161ten je prijevod iste knjige na perzijski jezik, pod nazivom \u201eDamavand, s onu stranu mora\u201c. Knjigu je preveo azerbajd\u017eanski iranist Ilgar Alfioglu, a tiskala ju je najve\u0107a izdava\u010dka ku\u0107a u Bakuu \u201eEast-West\u201c. \u0160tambukovu knjigu poduprlo je hrvatsko Ministarstvo kulture i medija. \u201eZefir\u201c je prvo knji\u017eevno djelo jednog hrvatskog autora prevedeno na azerbajd\u017eanski jezik. Promocije u presti\u017enom Baku Book Centru te na Azerbajd\u017eanskom sveu\u010dili\u0161tu za jezike izazvale su velik interes doma\u0107e politi\u010dke i kulturne javnosti kao i diplomata akreditiranih u Azerbajd\u017eanu. (Veleposlanstvo je poklonilo knjigu ministru vanjskih poslova Jeyhunu Bayramovu te sada ve\u0107 biv\u0161em ministru kulture i supredsjedatelju Me\u0111uvladine gospodarske komisije Anaru Karimovu.)<\/p>\n<p><img loading=\"lazy\" class=\"alignnone wp-image-30156\" src=\"https:\/\/www.info.hazu.hr\/wp-content\/uploads\/2023\/02\/baku-271x300.jpg\" alt=\"\" width=\"733\" height=\"811\" srcset=\"https:\/\/www.info.hazu.hr\/wp-content\/uploads\/2023\/02\/baku-271x300.jpg 271w, https:\/\/www.info.hazu.hr\/wp-content\/uploads\/2023\/02\/baku.jpg 714w\" sizes=\"(max-width: 733px) 100vw, 733px\" \/><\/p>\n<p>Pozivu na promociju odazvali su se brojni kulturni djelatnici u Bakuu, predstavnici dr\u017eavnih organizacija, ljubitelji poezije te diplomati. \u201eZefir\u201c je predstavila vrlo utjecajna azerbajd\u017eanska politi\u010darka, zastupnica u parlamentu, predsjednica Odbora za kulturnu suradnju Gulnara Pashayeva, koja i sama pi\u0161e poeziju, te prevoditelj &#8211; iranist Ilgar Alfioglu. Pjesme iz zbirke govorili su pjesnikinja Nigar Hasanzade, televizijski prezenter Ilgar Fahmi te autor Drago \u0160tambuk. Dva dana kasnije akademik \u0160tambuk je gostovao na Azerbajd\u017eanskom sveu\u010dili\u0161tu za jezike.<\/p>\n<p>Susretu sa studentima i nastavnicima prethodio je sastanak akademika \u0160tambuka i njegovog doma\u0107ina, hrvatskog veleposlanika Branka Zebi\u0107a, s vodstvom sveu\u010dili\u0161ta \u2013 rektorom, akademikom Kamalom Abdulom te s vicerektorima (jedan od njih je biv\u0161i predsjednik azerbajd\u017eanske vlade Novruz Mammadov). Susretu pjesnika i studenata prisustvovao je ve\u0107i broj profesora, kao i rektor te njegovi pomo\u0107nici. Shahin Halilli, anglist s Filolo\u0161kog fakulteta dojmljivo je predstavio hrvatskog pjesnika, a studentsko recitiranje \u0160tambukove poezije te njihova pitanja i autorovi odgovori ostavili su sna\u017ean dojam.<\/p>\n<p><img loading=\"lazy\" class=\"alignnone wp-image-30151\" src=\"https:\/\/www.info.hazu.hr\/wp-content\/uploads\/2023\/02\/prezentacija-Zefira-na-Sveucilistu-za-jezike-300x224.jpg\" alt=\"\" width=\"734\" height=\"548\" srcset=\"https:\/\/www.info.hazu.hr\/wp-content\/uploads\/2023\/02\/prezentacija-Zefira-na-Sveucilistu-za-jezike-300x224.jpg 300w, https:\/\/www.info.hazu.hr\/wp-content\/uploads\/2023\/02\/prezentacija-Zefira-na-Sveucilistu-za-jezike-1024x765.jpg 1024w, https:\/\/www.info.hazu.hr\/wp-content\/uploads\/2023\/02\/prezentacija-Zefira-na-Sveucilistu-za-jezike-768x574.jpg 768w, https:\/\/www.info.hazu.hr\/wp-content\/uploads\/2023\/02\/prezentacija-Zefira-na-Sveucilistu-za-jezike-1536x1148.jpg 1536w, https:\/\/www.info.hazu.hr\/wp-content\/uploads\/2023\/02\/prezentacija-Zefira-na-Sveucilistu-za-jezike.jpg 1600w\" sizes=\"(max-width: 734px) 100vw, 734px\" \/><\/p>\n<p>Knjiga \u201eZefir\u201c nai\u0161la je na odziv i \u0161ire javnosti. Brojni portali objavili su vijest o ovom kulturnom doga\u0111aju, a promociju u \u201eBaku Book Centru\u201c snimila je i azerbajd\u017eanska televizija.<\/p>\n","protected":false},"excerpt":{"rendered":"<p>Na inicijativu Veleposlanstva Republike Hrvatske u Azerbajd\u017eanu, u Bakuu je 24. i 26. sije\u010dnja 2023. predstavljena knjiga poezije \u201eZefir\u201c hrvatskog pjesnika i veleposlanika u Iranu akademika Drage \u0160tambuka. Knjigu je preveo azerbajd\u017eanski iranist Ilgar Alfioglu, a tiskala ju je najve\u0107a izdava\u010dka ku\u0107a u Bakuu \u201eEast-West\u201c. \u0160tambukovu knjigu poduprlo je Ministarstvo kulture i medija. \u201eZefir\u201c je prvo knji\u017eevno djelo jednog hrvatskog autora prevedeno na azerbajd\u017eanski jezik. <\/p>\n","protected":false},"author":9,"featured_media":30149,"comment_status":"closed","ping_status":"open","sticky":false,"template":"","format":"standard","meta":[],"categories":[74],"tags":[],"_links":{"self":[{"href":"https:\/\/www.info.hazu.hr\/en\/wp-json\/wp\/v2\/posts\/30148"}],"collection":[{"href":"https:\/\/www.info.hazu.hr\/en\/wp-json\/wp\/v2\/posts"}],"about":[{"href":"https:\/\/www.info.hazu.hr\/en\/wp-json\/wp\/v2\/types\/post"}],"author":[{"embeddable":true,"href":"https:\/\/www.info.hazu.hr\/en\/wp-json\/wp\/v2\/users\/9"}],"replies":[{"embeddable":true,"href":"https:\/\/www.info.hazu.hr\/en\/wp-json\/wp\/v2\/comments?post=30148"}],"version-history":[{"count":3,"href":"https:\/\/www.info.hazu.hr\/en\/wp-json\/wp\/v2\/posts\/30148\/revisions"}],"predecessor-version":[{"id":30159,"href":"https:\/\/www.info.hazu.hr\/en\/wp-json\/wp\/v2\/posts\/30148\/revisions\/30159"}],"wp:featuredmedia":[{"embeddable":true,"href":"https:\/\/www.info.hazu.hr\/en\/wp-json\/wp\/v2\/media\/30149"}],"wp:attachment":[{"href":"https:\/\/www.info.hazu.hr\/en\/wp-json\/wp\/v2\/media?parent=30148"}],"wp:term":[{"taxonomy":"category","embeddable":true,"href":"https:\/\/www.info.hazu.hr\/en\/wp-json\/wp\/v2\/categories?post=30148"},{"taxonomy":"post_tag","embeddable":true,"href":"https:\/\/www.info.hazu.hr\/en\/wp-json\/wp\/v2\/tags?post=30148"}],"curies":[{"name":"wp","href":"https:\/\/api.w.org\/{rel}","templated":true}]}}