{"id":25322,"date":"2022-07-25T09:50:48","date_gmt":"2022-07-25T07:50:48","guid":{"rendered":"https:\/\/www.info.hazu.hr\/?p=25322"},"modified":"2022-07-25T09:52:09","modified_gmt":"2022-07-25T07:52:09","slug":"gradivo-iz-arhiva-odsjeka-za-povijest-hrvatske-glazbe-na-izlozbi-tambure-kulturni-identitet-hrvatske","status":"publish","type":"post","link":"https:\/\/www.info.hazu.hr\/en\/2022\/07\/gradivo-iz-arhiva-odsjeka-za-povijest-hrvatske-glazbe-na-izlozbi-tambure-kulturni-identitet-hrvatske\/","title":{"rendered":"Gradivo iz arhiva Odsjeka za povijest hrvatske glazbe na izlo\u017ebi \u201eTambure \u2013 kulturni identitet Hrvatske\u201c"},"content":{"rendered":"<p>U sklopu izlo\u017ebe \u201eTambure \u2013 kulturni identitet Hrvatske\u201c koja je od 30. lipnja postavljena u Gradskoj knji\u017enici Knji\u017enica grada Zagreba izlo\u017eeno je i gradivo iz arhiva Odsjeka za povijest hrvatske glazbe HAZU. Izlo\u017ebi je pridru\u017een notni materijal iz fonda Milutina Farka\u0161a (1865. \u2013 1923.), tambura\u0161a, tambura\u0161kog pedagoga, te tajnika i arhivara Hrvatskog glazbenog zavoda, \u010dija je ostav\u0161tina u Odsjeku za povijest hrvatske glazbe HAZU pohranjena od 2019. godine.<\/p>\n<p>Na izlo\u017ebi je razvitak tambura\u0161tva predstavljen tiskovinama (knjige, \u010dasopisi, \u0161kole za tambure, notne partiture i koncertni programi), tamburama triju najva\u017enijih tambura\u0161kih sustava te posterima na kojima je povijest tambura\u0161tva prezentirana kroz pet razdoblja od Ilirskog pokreta do danas. Autori izlo\u017ebe su Igor Mladini\u0107 i Zoran Gojmerac. Osim sa Odsjekom za povijest hrvatske glazbe, Glazbeni odjel Gradske knji\u017enice izlo\u017ebu je realizirao u suradnji sa Udrugom Rizni\u010dari tambura\u0161ke ba\u0161tine te Narodnom knji\u017enicom i \u010ditaonicom Vlado Gotovac iz Siska. Izlo\u017eba \u0107e biti otvorena do 28. kolovoza 2022.<\/p>\n<p><img loading=\"lazy\" class=\"aligncenter wp-image-25323 size-large\" src=\"https:\/\/www.info.hazu.hr\/wp-content\/uploads\/2022\/07\/Tambura-KGZ-Farkas-768x1024.jpg\" alt=\"\" width=\"768\" height=\"1024\" \/><\/p>\n","protected":false},"excerpt":{"rendered":"<p>U sklopu izlo\u017ebe \u201eTambure \u2013 kulturni identitet Hrvatske\u201c koja je od 30. lipnja postavljena u Gradskoj knji\u017enici Knji\u017enica grada Zagreba izlo\u017eeno je i gradivo iz arhiva Odsjeka za povijest hrvatske glazbe HAZU. Izlo\u017ebi je pridru\u017een notni materijal iz fonda Milutina Farka\u0161a (1865. \u2013 1923.), tambura\u0161a, tambura\u0161kog pedagoga, te tajnika i arhivara Hrvatskog glazbenog zavoda, \u010dija je ostav\u0161tina u Odsjeku za povijest hrvatske glazbe HAZU pohranjena od 2019. godine.<\/p>\n","protected":false},"author":6,"featured_media":25325,"comment_status":"closed","ping_status":"open","sticky":false,"template":"","format":"standard","meta":[],"categories":[74],"tags":[],"_links":{"self":[{"href":"https:\/\/www.info.hazu.hr\/en\/wp-json\/wp\/v2\/posts\/25322"}],"collection":[{"href":"https:\/\/www.info.hazu.hr\/en\/wp-json\/wp\/v2\/posts"}],"about":[{"href":"https:\/\/www.info.hazu.hr\/en\/wp-json\/wp\/v2\/types\/post"}],"author":[{"embeddable":true,"href":"https:\/\/www.info.hazu.hr\/en\/wp-json\/wp\/v2\/users\/6"}],"replies":[{"embeddable":true,"href":"https:\/\/www.info.hazu.hr\/en\/wp-json\/wp\/v2\/comments?post=25322"}],"version-history":[{"count":4,"href":"https:\/\/www.info.hazu.hr\/en\/wp-json\/wp\/v2\/posts\/25322\/revisions"}],"predecessor-version":[{"id":25330,"href":"https:\/\/www.info.hazu.hr\/en\/wp-json\/wp\/v2\/posts\/25322\/revisions\/25330"}],"wp:featuredmedia":[{"embeddable":true,"href":"https:\/\/www.info.hazu.hr\/en\/wp-json\/wp\/v2\/media\/25325"}],"wp:attachment":[{"href":"https:\/\/www.info.hazu.hr\/en\/wp-json\/wp\/v2\/media?parent=25322"}],"wp:term":[{"taxonomy":"category","embeddable":true,"href":"https:\/\/www.info.hazu.hr\/en\/wp-json\/wp\/v2\/categories?post=25322"},{"taxonomy":"post_tag","embeddable":true,"href":"https:\/\/www.info.hazu.hr\/en\/wp-json\/wp\/v2\/tags?post=25322"}],"curies":[{"name":"wp","href":"https:\/\/api.w.org\/{rel}","templated":true}]}}