{"id":24404,"date":"2022-06-17T14:51:55","date_gmt":"2022-06-17T12:51:55","guid":{"rendered":"https:\/\/www.info.hazu.hr\/?p=24404"},"modified":"2022-06-23T10:19:34","modified_gmt":"2022-06-23T08:19:34","slug":"svecanost-dodjele-pocasnoga-doktorata-sveucilista-u-mostaru-akademiku-ivanu-aralici","status":"publish","type":"post","link":"https:\/\/www.info.hazu.hr\/en\/2022\/06\/svecanost-dodjele-pocasnoga-doktorata-sveucilista-u-mostaru-akademiku-ivanu-aralici\/","title":{"rendered":"Akademiku Ivanu Aralici uru\u010den po\u010dasni doktorat Sveu\u010dili\u0161ta u Mostaru"},"content":{"rendered":"<p>ZAGREB, 20. lipnja 2022. (Hina) &#8211; Po\u010dasni doktorat Sveu\u010dili\u0161ta u Mostaru Doctoris Honoris Causa sve\u010dano je uru\u010den u ponedjeljak akademiku Ivanu Aralici u Hrvatskoj akademiji znanosti i umjetnosti (HAZU) u Zagrebu.<br \/>\nAkademiku Aralici titulu po\u010dasnoga doktora Sveu\u010dili\u0161ta u Mostaru uru\u010dio je rektor tog sveu\u010dili\u0161ta Zoran Tomi\u0107, naglasiv\u0161i kako se titula dodjeljuje jednom od orija\u0161a hrvatske knji\u017eevnosti, piscu, eruditu, kulturnom i politi\u010dkom pregaocu.<br \/>\nNapomenuo je kako razlog dodjele ne le\u017ei samo u jedinstvenoj privla\u010dnosti esteti\u010dkoga \u0161to ga Aralica posti\u017ee razli\u010ditim narativnim strategijama, nego ponajprije u njegovu istan\u010danu osje\u0107aju za povijest i njezino perpetuiranje te u ponovnu zahtjevu za afirmaciju univerzalnih kategorija kao \u0161to su identitet, nacionalna politika i kultura.<br \/>\nTematiziraju\u0107i ponajve\u0107ma nacionalnu povijest, i to onu blisku bosanskohercegova\u010dkom ozemlju, Aralica, kao utjelovljenje ozbiljnosti, istaknuo je Tomi\u0107, opisuje nebrojene nesre\u0107e, vladavinu divlja\u0161tva, zlosilje, bespravlje i diktature koje su stoljetni okvir ovog toposa.<br \/>\nNaglasio je kako je upravo na prostorima \u0161to ih je Aralica dokumentirao svojom morla\u010dkom tetralogijom ponovno pokrenut proces \u010diji je cilj posve iskorijeniti povijesno-zemljopisnu prepoznatljivost hrvatskoga naroda ili bar nagrditi stupanje njegove samosvojenosti.<br \/>\nPromotor po\u010dasnoga doktorata akademik Dragan \u010covi\u0107 istaknuo je kako je Ivan Aralica uvelike oplemenio na\u0161 kulturni prostor, \u0161to najbolje svjedo\u010di njegov iznimno bogat opus koji svi skupa ba\u0161tinimo.<br \/>\nOcijenio je kako je Arali\u010din knji\u017eevni i \u0161iri stvarala\u010dki opus neizostavan dio na\u0161e suvremene nacionalne i kulturne povijesti.<br \/>\nPo \u010covi\u0107evim rije\u010dima dragocjeni su Arali\u010dini doprinosi razumijevanju nadmo\u0107nih sila koje definiraju i oblikuju \u010dovjeka kao takva, poput vlasti, dr\u017eave, ideologije, nacije i religije.<br \/>\n&#8220;Opisuju\u0107i va\u017ene povijesne doga\u0111aje hrvatskoga naroda od 17. do 19. stolje\u0107a Aralica donosi potresno i bitno svjedo\u010danstvo i Hrvatima u BiH&#8221;, napomenuo je \u010covi\u0107 dodav\u0161i kako opisuje njihovu tegobnu i prognani\u010dku povijest, njihove putove bez sna, ali i snagu njihova mentaliteta, morala, zajedni\u0161tva te onaj otpor i prkos kad se \u010dini da je svako opiranje uzaludno, a koji im poma\u017eu da se uvijek iznova izdignu i pre\u017eive.<br \/>\nSmatra kako Arali\u010dino knji\u017eevno svjedo\u010danstvo ostavlja neizbrisiv trag u vremenu o mentalitetu, snazi i vjeri Hrvata u BiH.<br \/>\nAkademik Aralica u zahvali je istaknuo kako ga je odluka Senata Sveu\u010dili\u0161ta u Mostaru ganula i neizmjerno obradovala pa \u0107e do kraja \u017eivota ostati dostojan \u010dasti koja mu je dodijeljena.<br \/>\nPo\u010dasni doktorat, Doctoris Honoris Causa, akademiku Ivanu Aralici dodijeljen je za izniman ugled, ali poglavito zbog anga\u017eiranosti oko rasvjetljavanja va\u017enih povijesnih zbivanja vezanih za bosanskohercegova\u010dke Hrvate.<br \/>\n<em>(Hina) xmkov ydgk<\/em><\/p>\n<p><a href=\"https:\/\/www.info.hazu.hr\/wp-content\/uploads\/2022\/06\/Hrvatski-list_M.Curac_.png\">Akademiku Ivanu Aralici uru\u010den po\u010dasni doktorat Sveu\u010dili\u0161ta u Mostaru \/ Hrvatski list \/ M. Cura\u0107_23. 6. 2022.<\/a><\/p>\n<div id=\"jig1\" class=\"justified-image-grid jig-b18eeef3e6a4ea01f1e2ac42f549e0c0 jig-preset-global\"><div class=\"jig-clearfix\"><\/div><noscript id=\"jig1-html\" class=\"justified-image-grid-html\" data-lazy-src=\"skiplazyload\" data-src=\"skipunveillazyload\"><ul><li><a href=\"https:\/\/www.info.hazu.hr\/wp-content\/uploads\/2022\/06\/1aralica_pocasni-doktorat.jpg\"><img src=\"https:\/\/www.info.hazu.hr\/wp-content\/plugins\/justified-image-grid\/timthumb.php?src=https%3A%2F%2Fwww.info.hazu.hr%2Fwp-content%2Fuploads%2F2022%2F06%2F1aralica_pocasni-doktorat.jpg&amp;h=240&amp;q=90&amp;f=.jpg\" alt=\"1aralica_po\u010dasni doktorat\" width=\"360\" height=\"240\" \/><\/a><p class=\"jig-HTMLdescription\">1aralica_po\u010dasni doktorat<br\/><\/p><\/li><li><a href=\"https:\/\/www.info.hazu.hr\/wp-content\/uploads\/2022\/06\/2aralica_pocasni-doktorat.jpg\"><img src=\"https:\/\/www.info.hazu.hr\/wp-content\/plugins\/justified-image-grid\/timthumb.php?src=https%3A%2F%2Fwww.info.hazu.hr%2Fwp-content%2Fuploads%2F2022%2F06%2F2aralica_pocasni-doktorat.jpg&amp;h=240&amp;q=90&amp;f=.jpg\" alt=\"2aralica_po\u010dasni doktorat\" width=\"360\" height=\"240\" \/><\/a><p class=\"jig-HTMLdescription\">2aralica_po\u010dasni doktorat<br\/><\/p><\/li><li><a href=\"https:\/\/www.info.hazu.hr\/wp-content\/uploads\/2022\/06\/3aralica_pocasni-doktorat.jpg\"><img src=\"https:\/\/www.info.hazu.hr\/wp-content\/plugins\/justified-image-grid\/timthumb.php?src=https%3A%2F%2Fwww.info.hazu.hr%2Fwp-content%2Fuploads%2F2022%2F06%2F3aralica_pocasni-doktorat.jpg&amp;h=240&amp;q=90&amp;f=.jpg\" alt=\"3aralica_po\u010dasni doktorat\" width=\"360\" height=\"240\" \/><\/a><p class=\"jig-HTMLdescription\">3aralica_po\u010dasni doktorat<br\/><\/p><\/li><li><a href=\"https:\/\/www.info.hazu.hr\/wp-content\/uploads\/2022\/06\/4aralica_pocasni-doktorat.jpg\"><img src=\"https:\/\/www.info.hazu.hr\/wp-content\/plugins\/justified-image-grid\/timthumb.php?src=https%3A%2F%2Fwww.info.hazu.hr%2Fwp-content%2Fuploads%2F2022%2F06%2F4aralica_pocasni-doktorat.jpg&amp;h=240&amp;q=90&amp;f=.jpg\" alt=\"4aralica_po\u010dasni doktorat\" width=\"303\" height=\"240\" \/><\/a><p class=\"jig-HTMLdescription\">4aralica_po\u010dasni doktorat<br\/><\/p><\/li><li><a href=\"https:\/\/www.info.hazu.hr\/wp-content\/uploads\/2022\/06\/5aralica_pocasni-doktorat.jpg\"><img src=\"https:\/\/www.info.hazu.hr\/wp-content\/plugins\/justified-image-grid\/timthumb.php?src=https%3A%2F%2Fwww.info.hazu.hr%2Fwp-content%2Fuploads%2F2022%2F06%2F5aralica_pocasni-doktorat.jpg&amp;h=240&amp;q=90&amp;f=.jpg\" alt=\"5aralica_po\u010dasni doktorat\" width=\"360\" height=\"240\" \/><\/a><p class=\"jig-HTMLdescription\">5aralica_po\u010dasni doktorat<br\/><\/p><\/li><\/ul><\/noscript><\/div>\n<p>&nbsp;<\/p>\n","protected":false},"excerpt":{"rendered":"<p>Sve\u010danost dodjele po\u010dasnoga doktorata Sveu\u010dili\u0161ta u Mostaru akademiku Ivanu Aralici odr\u017eat \u0107e se u ponedjeljak, 20. lipnja 2022., s po\u010detkom u 11.00 sati u salonima Hrvatske akademije znanosti i umjetnosti u Zagrebu, Trg Nikole \u0160ubi\u0107a Zrinskog 11. \u00a0Sve\u010danost \u0107e otvoriti akademik Velimir Neidhardt, predsjednik Hrvatske akademije znanosti i umjetnosti, nakon \u010dega \u0107e uslijediti obra\u0107anja rektora Sveu\u010dili\u0161ta u Mostaru prof. dr. Zorana Tomi\u0107a, predsjednika Povjerenstva i promotora dr. Dragana \u010covi\u0107a te laureata akademika Ivana Aralice.<\/p>\n","protected":false},"author":6,"featured_media":24441,"comment_status":"closed","ping_status":"open","sticky":false,"template":"","format":"standard","meta":[],"categories":[74],"tags":[],"_links":{"self":[{"href":"https:\/\/www.info.hazu.hr\/en\/wp-json\/wp\/v2\/posts\/24404"}],"collection":[{"href":"https:\/\/www.info.hazu.hr\/en\/wp-json\/wp\/v2\/posts"}],"about":[{"href":"https:\/\/www.info.hazu.hr\/en\/wp-json\/wp\/v2\/types\/post"}],"author":[{"embeddable":true,"href":"https:\/\/www.info.hazu.hr\/en\/wp-json\/wp\/v2\/users\/6"}],"replies":[{"embeddable":true,"href":"https:\/\/www.info.hazu.hr\/en\/wp-json\/wp\/v2\/comments?post=24404"}],"version-history":[{"count":8,"href":"https:\/\/www.info.hazu.hr\/en\/wp-json\/wp\/v2\/posts\/24404\/revisions"}],"predecessor-version":[{"id":24512,"href":"https:\/\/www.info.hazu.hr\/en\/wp-json\/wp\/v2\/posts\/24404\/revisions\/24512"}],"wp:featuredmedia":[{"embeddable":true,"href":"https:\/\/www.info.hazu.hr\/en\/wp-json\/wp\/v2\/media\/24441"}],"wp:attachment":[{"href":"https:\/\/www.info.hazu.hr\/en\/wp-json\/wp\/v2\/media?parent=24404"}],"wp:term":[{"taxonomy":"category","embeddable":true,"href":"https:\/\/www.info.hazu.hr\/en\/wp-json\/wp\/v2\/categories?post=24404"},{"taxonomy":"post_tag","embeddable":true,"href":"https:\/\/www.info.hazu.hr\/en\/wp-json\/wp\/v2\/tags?post=24404"}],"curies":[{"name":"wp","href":"https:\/\/api.w.org\/{rel}","templated":true}]}}