{"id":22377,"date":"2022-04-21T10:40:30","date_gmt":"2022-04-21T08:40:30","guid":{"rendered":"https:\/\/www.info.hazu.hr\/?p=22377"},"modified":"2022-04-25T08:31:38","modified_gmt":"2022-04-25T06:31:38","slug":"umro-akademik-bozo-udovicic","status":"publish","type":"post","link":"https:\/\/www.info.hazu.hr\/en\/2022\/04\/umro-akademik-bozo-udovicic\/","title":{"rendered":"Umro akademik Bo\u017eo Udovi\u010di\u0107"},"content":{"rendered":"<p><strong>\u00a0<\/strong>U \u010detvrtak 21. travnja 2022. u Zagrebu je u 89. godini \u017eivota umro <strong>akademik Bo\u017eo Udovi\u010di\u0107<\/strong>, istaknuti hrvatski in\u017eenjer elektrotehnike i stru\u010dnjak za energetiku, redoviti \u010dlan Hrvatske akademije znanosti i umjetnosti.<\/p>\n<p>Rodio se u Ra\u0161eljkama kod Tomislavgrada 26. rujna 1933. Osnovnu \u0161kolu poha\u0111ao je u Jak\u0161i\u0107u kraj Po\u017eege, a gimnaziju u Po\u017eegi. Diplomirao je 1959. na Elektrotehni\u010dkom fakultetu u Zagrebu, gdje je predavao od 1959. do 2003., a do 1990. radio u Institutu za elektroprivredu. Doktorirao je 1974. Od 1977. do 2003. predavao je i na Fakultetu elektrotehnike, strojarstva i brodogradnje u Splitu gdje je 1983. izabran za redovitoga profesora, a od 1996. do 2003. predavao je na i Elektrotehni\u010dkom fakultetu u Osijeku<\/p>\n<p>Bio je ministar za energetiku i industriju u prvoj i drugoj Vladi Republike Hrvatske od 1990. do 1991., a zatim je do umirovljenja 1998. bio direktor Sektora za energetiku i industriju Gospodarske komore. Za redovitog \u010dlana HAZU, u Razredu za tehni\u010dke znanosti, izabran je 1997., a od 1993. do 2017. bio je predsjednik Znanstvenog vije\u0107a za energetiku HAZU.<\/p>\n<p>Bavio se elektroenergetikom i kompleksnom energetikom, za\u0161titom okoli\u0161a i politi\u010dko-socijalnim stanjem u dru\u0161tvu. Suosniva\u010d je, s akademikom Hrvojem Po\u017earom, u svijetu poznate Zagreba\u010dke energetske \u0161kole. Objavio je mnogobrojne stru\u010dne i znanstvene \u010dlanke, studije i elaborate te vi\u0161e knjiga i ud\u017ebenika. Glavna djela su mu <em>Elektroenergetika<\/em> (1983.), <em>Energija i izvori energije <\/em>(1988.), <em>Energetske pretvorbe i bilance<\/em> (1988.), <em>Energija i dru\u0161tvo <\/em>(1988.), <em>Energija i okolina<\/em> (1989.), <em>Energetika<\/em> (1993.), <em>Razvitak i energetika<\/em> (1998.), <em>Statisti u demokraciji, \u010citanka za budu\u0107u povijest<\/em> (1999.), <em>Moralna praznina u Hrvatskoj<\/em> (2001.), <em>Energetika i okoli\u0161 u globalizaciji<\/em> (2002.), <em>Elektroenergetski sustav<\/em> (2005.), <em>Pad umjesto uspona \u2013 statisti u demokraciji<\/em> (II. dio, 2006.) te <em>Nastojao sam biti&#8230;<\/em>(2007.).<\/p>\n<p>Odlikovan je Spomenicom Domovinskog rata (1992.), Redom hrvatskog trolista (1995.), Redom Danice hrvatske s likom Bla\u017ea Lorkovi\u0107a (1998.), 2003. izabran je za po\u010dasnog gra\u0111anina Po\u017eege, a 2005. za prvog po\u010dasnog gra\u0111anina Op\u0107ine Jak\u0161i\u0107.<\/p>\n","protected":false},"excerpt":{"rendered":"<p>U \u010detvrtak 21. travnja 2022. u Zagrebu je u 89. godini \u017eivota umro akademik Bo\u017eo Udovi\u010di\u0107, istaknuti hrvatski in\u017eenjer elektrotehnike i stru\u010dnjak za energetiku, redoviti \u010dlan Hrvatske akademije znanosti i umjetnosti.<br \/>\nRodio se u Ra\u0161eljkama kod Tomislavgrada 26. rujna 1933. Za redovitog \u010dlana HAZU, u Razredu za tehni\u010dke znanosti, izabran je 1997., a od 1993. do 2017. bio je predsjednik Znanstvenog vije\u0107a za energetiku HAZU. Bio je ministar za energetiku i industriju u prvoj i drugoj Vladi Republike Hrvatske od 1990. do 1991. Posljednji ispra\u0107aj akademika Udovi\u010di\u0107a je u utorak, 26. travnja, u 12 sati na krematoriju Mirogoj.<\/p>\n","protected":false},"author":9,"featured_media":22378,"comment_status":"closed","ping_status":"open","sticky":false,"template":"","format":"standard","meta":[],"categories":[74],"tags":[],"_links":{"self":[{"href":"https:\/\/www.info.hazu.hr\/en\/wp-json\/wp\/v2\/posts\/22377"}],"collection":[{"href":"https:\/\/www.info.hazu.hr\/en\/wp-json\/wp\/v2\/posts"}],"about":[{"href":"https:\/\/www.info.hazu.hr\/en\/wp-json\/wp\/v2\/types\/post"}],"author":[{"embeddable":true,"href":"https:\/\/www.info.hazu.hr\/en\/wp-json\/wp\/v2\/users\/9"}],"replies":[{"embeddable":true,"href":"https:\/\/www.info.hazu.hr\/en\/wp-json\/wp\/v2\/comments?post=22377"}],"version-history":[{"count":4,"href":"https:\/\/www.info.hazu.hr\/en\/wp-json\/wp\/v2\/posts\/22377\/revisions"}],"predecessor-version":[{"id":22494,"href":"https:\/\/www.info.hazu.hr\/en\/wp-json\/wp\/v2\/posts\/22377\/revisions\/22494"}],"wp:featuredmedia":[{"embeddable":true,"href":"https:\/\/www.info.hazu.hr\/en\/wp-json\/wp\/v2\/media\/22378"}],"wp:attachment":[{"href":"https:\/\/www.info.hazu.hr\/en\/wp-json\/wp\/v2\/media?parent=22377"}],"wp:term":[{"taxonomy":"category","embeddable":true,"href":"https:\/\/www.info.hazu.hr\/en\/wp-json\/wp\/v2\/categories?post=22377"},{"taxonomy":"post_tag","embeddable":true,"href":"https:\/\/www.info.hazu.hr\/en\/wp-json\/wp\/v2\/tags?post=22377"}],"curies":[{"name":"wp","href":"https:\/\/api.w.org\/{rel}","templated":true}]}}