{"id":21556,"date":"2022-03-28T15:41:10","date_gmt":"2022-03-28T13:41:10","guid":{"rendered":"https:\/\/www.info.hazu.hr\/?p=21556"},"modified":"2022-03-28T15:41:10","modified_gmt":"2022-03-28T13:41:10","slug":"umro-vladimir-duro-degan-clan-suradnik-hrvatske-akademije-znanosti-i-umjetnosti","status":"publish","type":"post","link":"https:\/\/www.info.hazu.hr\/en\/2022\/03\/umro-vladimir-duro-degan-clan-suradnik-hrvatske-akademije-znanosti-i-umjetnosti\/","title":{"rendered":"Umro Vladimir-\u0110uro Degan, \u010dlan suradnik Hrvatske akademije znanosti i umjetnosti"},"content":{"rendered":"<p>U nedjelju 27. o\u017eujka 2022. u Zagrebu je u 87. godini \u017eivota umro istaknuti hrvatski pravnik <strong>prof. emer.<\/strong> <strong>Vladimir-\u0110uro Degan<\/strong>, \u010dlan suradnik Hrvatske akademije znanosti i umjetnosti. Rodio se 2. srpnja 1935. u Bosanskom Brodu. Pravo je diplomirao u Sarajevu 1957., doktorirao 1963. u Ljubljani, a izme\u0111u 1959. i 1971. usavr\u0161avao se na Ha\u0161koj akademiji za me\u0111unarodno pravo.<\/p>\n<p>Od 1969. do 1981. predavao je usporedne politi\u010dke sustave i me\u0111unarodno pravo na Fakultetu politi\u010dkih znanosti u Sarajevu, a od 1981. predavao je na Pravnom fakultetu u Rijeci. Od 1985. do 1997. bio je upravitelj Jadranskog zavoda Hrvatske akademije znanosti i umjetnosti, a od 1997. do 2021. bio je njegov voditelj.<\/p>\n<p>\u010clan suradnik HAZU bio je od 1990.<\/p>\n<p>Predavao na brojnim sveu\u010dili\u0161tima u biv\u0161oj Jugos\u00adlaviji i u inozemstvu.<br \/>\nIzme\u0111u 1991. i 1995. bio je hrvatski \u010dlan u ekspertskim skupinama o ljudskim i manjinskim pravima, te o sukcesiji dr\u017eava na Me\u0111unarodnoj kon\u00adferenciji o biv\u0161oj Jugoslaviji. Izme\u0111u 1996. i 2001. bio je \u010dlan hrvat\u00adske delegacije na pregovorima o pitanjima sukcesije biv\u0161e Jugos\u00adlavije.<\/p>\n<p><em>Za svoj rad primio je vi\u0161e priznanja i nagrada, me\u0111u ostalim i <\/em>Dr\u017eavnu nagradu za znanost za \u017eivotno djelo za 2012. za podru\u010dje dru\u0161tvenih znanosti.<\/p>\n<p>Glavna su mu djela: <em>Tuma\u010denje ugovora u me\u0111unarodnom pravu (L\u2019Interpretation des accords en droit international<\/em>, 1963.), <em>Pravi\u010dnost i me\u0111unarodno pravo<\/em> (<em>L\u2019\u00c9quit\u00e9 et le droit international<\/em>, 1970.), <em>Me\u0111unarodno pravo mora i izvori me\u0111unarodnog prava<\/em> (1989.), I<em>zvori me\u0111unarodnog prava (The Sources of International Law<\/em>, 1997.) i <em>Me\u0111unarodno pravo<\/em> (2000.).<\/p>\n","protected":false},"excerpt":{"rendered":"<p>U nedjelju 27. o\u017eujka 2022. u Zagrebu je u 87. godini \u017eivota umro istaknuti hrvatski pravnik prof. emer. Vladimir-\u0110uro Degan, \u010dlan suradnik Hrvatske akademije znanosti i umjetnosti od 1990. Rodio se 2. srpnja 1935. u Bosanskom Brodu. Od 1985. do 1997. bio je upravitelj Jadranskog zavoda Hrvatske akademije znanosti i umjetnosti, a od 1997. do 2021. bio je njegov voditelj.<\/p>\n","protected":false},"author":9,"featured_media":21557,"comment_status":"closed","ping_status":"open","sticky":false,"template":"","format":"standard","meta":[],"categories":[74],"tags":[],"_links":{"self":[{"href":"https:\/\/www.info.hazu.hr\/en\/wp-json\/wp\/v2\/posts\/21556"}],"collection":[{"href":"https:\/\/www.info.hazu.hr\/en\/wp-json\/wp\/v2\/posts"}],"about":[{"href":"https:\/\/www.info.hazu.hr\/en\/wp-json\/wp\/v2\/types\/post"}],"author":[{"embeddable":true,"href":"https:\/\/www.info.hazu.hr\/en\/wp-json\/wp\/v2\/users\/9"}],"replies":[{"embeddable":true,"href":"https:\/\/www.info.hazu.hr\/en\/wp-json\/wp\/v2\/comments?post=21556"}],"version-history":[{"count":1,"href":"https:\/\/www.info.hazu.hr\/en\/wp-json\/wp\/v2\/posts\/21556\/revisions"}],"predecessor-version":[{"id":21559,"href":"https:\/\/www.info.hazu.hr\/en\/wp-json\/wp\/v2\/posts\/21556\/revisions\/21559"}],"wp:featuredmedia":[{"embeddable":true,"href":"https:\/\/www.info.hazu.hr\/en\/wp-json\/wp\/v2\/media\/21557"}],"wp:attachment":[{"href":"https:\/\/www.info.hazu.hr\/en\/wp-json\/wp\/v2\/media?parent=21556"}],"wp:term":[{"taxonomy":"category","embeddable":true,"href":"https:\/\/www.info.hazu.hr\/en\/wp-json\/wp\/v2\/categories?post=21556"},{"taxonomy":"post_tag","embeddable":true,"href":"https:\/\/www.info.hazu.hr\/en\/wp-json\/wp\/v2\/tags?post=21556"}],"curies":[{"name":"wp","href":"https:\/\/api.w.org\/{rel}","templated":true}]}}