{"id":19720,"date":"2022-02-10T15:25:34","date_gmt":"2022-02-10T14:25:34","guid":{"rendered":"https:\/\/www.info.hazu.hr\/?p=19720"},"modified":"2022-02-10T15:33:55","modified_gmt":"2022-02-10T14:33:55","slug":"u-palaci-hazu-odrzana-svecanost-potpisivanja-rezolucije-z","status":"publish","type":"post","link":"https:\/\/www.info.hazu.hr\/en\/2022\/02\/u-palaci-hazu-odrzana-svecanost-potpisivanja-rezolucije-z\/","title":{"rendered":"U pala\u010di HAZU odr\u017eana sve\u010danost potpisivanja Rezolucije Z"},"content":{"rendered":"<p>U pala\u010di Hrvatske akademije znanosti i umjetnosti u \u010detvrtak 10. velja\u010de 2022. odr\u017eana je sve\u010danost potpisivanja Rezolucije Z, ekolo\u0161ke akcije koju je pokrenuo Ve\u010dernji list s ciljem spajanja konkretnih dru\u0161tveno korisnih ekolo\u0161kih aktivnosti kojom su se njeni potpisnici obvezali na provedbu koraka u o\u010duvanju okoli\u0161a kroz ciljane ekolo\u0161ki odr\u017eive napore. Rezoluciju su potpisali predstavnici Zagreba\u010dke banke, Fonda za za\u0161titu okoli\u0161a i energetsku u\u010dinkovitost, Grada Koprivnice, Zubak grupe, Hrvatskog Telekoma, DIV Grupe, Regionalne energetske agencije sjeverozapadne Hrvatske i Ve\u010dernjeg lista.<\/p>\n<p>Rezolucija Z posve\u0107ena je Zemlji, zelenilu i okoli\u0161u u cijelosti, a poziva se na Klimatski akt iz Glasgowa, radi poduzimanja ciljanih i koordiniranih napora u za\u0161titi prirode i izgradnji dru\u0161tva koje se pametno brine o okoli\u0161u i budu\u0107nosti.<\/p>\n<p>Predsjednik HAZU <strong>akademik Velimir Neidhardt<\/strong> izrazio je zadovoljstvo \u0161to se Rezolucija potpisuje u pala\u010di Akademije koja time daje svoj obol promicanju ekologije, o\u010duvanju okoli\u0161a i biolo\u0161ke raznolikosti Hrvatske.<\/p>\n<p><img loading=\"lazy\" class=\"alignnone wp-image-19734\" src=\"https:\/\/www.info.hazu.hr\/wp-content\/uploads\/2022\/02\/rez1-300x183.jpg\" alt=\"\" width=\"713\" height=\"435\" srcset=\"https:\/\/www.info.hazu.hr\/wp-content\/uploads\/2022\/02\/rez1-300x183.jpg 300w, https:\/\/www.info.hazu.hr\/wp-content\/uploads\/2022\/02\/rez1-1024x625.jpg 1024w, https:\/\/www.info.hazu.hr\/wp-content\/uploads\/2022\/02\/rez1-768x469.jpg 768w, https:\/\/www.info.hazu.hr\/wp-content\/uploads\/2022\/02\/rez1-1536x938.jpg 1536w, https:\/\/www.info.hazu.hr\/wp-content\/uploads\/2022\/02\/rez1-2048x1250.jpg 2048w\" sizes=\"(max-width: 713px) 100vw, 713px\" \/><\/p>\n<p>&#8220;Hrvatska akademija znanosti i umjetnosti kao najvi\u0161a znanstvena i umjetni\u010dka institucija u Hrvatskoj od samih po\u010detaka, prije 161 godinu, brine uz ostalo i o o\u010duvanju prirode. Doprinos o\u010duvanju hrvatskih prirodnih bogatstava i njihovom boljem upoznavanju dali su na\u0161i istaknuti \u010dlanovi, kao \u0161to su Josip Schlosser, Ljudevit Vukotinovi\u0107, Spiridion Brusina, Gustav Jane\u010dek, Branimir Gu\u0161i\u0107\u2026 Svoju predanost za\u0161titi prirode Hrvatska akademija djelatno pokazuje brigom o svom Arboretumu u Trstenom, jednom od hrvatskih prirodnih bisera. Tako\u0111er, u sklopu Akademije djeluje Znanstveno vije\u0107e za za\u0161titu prirode, sa sekcijama za vode, tlo, klimu, \u0161ume, gospodarenje otpadom i za\u0161titu bioraznolikosti. To Znanstveno vije\u0107e promi\u010de za\u0161titu prirodnih dobara i gospodarenje njima na gospodarski, okoli\u0161no i socijalno odr\u017eiv na\u010din.\u00a0Prate\u0107i aktualne dru\u0161tvene probleme i izazove, Hrvatska akademija svjesna je nali\u010dja gospodarskog, dru\u0161tvenog i tehnolo\u0161kog razvitka vidljivog u klimatskim promjenama, one\u0107i\u0161\u0107enju zraka, golemom pove\u0107anju koli\u010dine otpada&#8230; Klju\u010d promjene je u edukaciji i promjeni navika i to se odnosi na sve nas, bez iznimke. Iako je ve\u0107 pet do 12, jo\u0161 nije kasno. Po\u010dnimo danas, mijenjajmo sebe, mijenjajmo Hrvatsku, mijenjajmo svijet&#8221;, kazao je akademik Neidhardt.<\/p>\n<p>Direktor Ve\u010dernjeg lista <strong>Renato Ivanu\u0161<\/strong> kratko je ispri\u010dao kako je do\u0161ao na ideju za pokretanje projekta. &#8220;Svi ne\u0161to radimo, ali \u010dinjenica je da to nije dovoljno, jer da jest \u2013 ne bismo se danas okupljali. Zato sam zahvalan \u0161to ste nam se priklju\u010dili. Ulo\u017eili smo svoju medijsku mo\u0107, ali sami nismo dovoljno mo\u0107ni i trebali su nam mo\u0107ni partneri. Vi ste oni koji \u0107ete nam pomo\u0107i iznijeti ovu najve\u0107u ekolo\u0161ku akciju koja \u0107e po\u010deti danas, ali \u0107e trajati do kad god bude trebalo. Krenimo, potpi\u0161imo. Svatko od nas obavezao se da \u0107e napraviti jo\u0161 ne\u0161to da i sami svojim primjerom doka\u017eemo da borba za okoli\u0161 nije samo ne\u0161to o \u010demu se pri\u010da, nego da na tome i sami moramo raditi. Krenimo zajedno u ostvarivanje Rezolucije Z. Ulo\u017eili smo svoju medijsku mo\u0107, ali to nije dovoljno, trebaju nam mo\u0107ni partneri. Vi ste prepoznali na\u0161u ideju, vi \u0107ete nam pomo\u0107i iznijeti najve\u0107i ekolo\u0161ki projekt u Hrvatskoj&#8221;, rekao je Ivanu\u0161 potpisnicima rezolucije.<\/p>\n<p><img loading=\"lazy\" class=\"alignnone wp-image-19737\" src=\"https:\/\/www.info.hazu.hr\/wp-content\/uploads\/2022\/02\/ret2-300x147.jpg\" alt=\"\" width=\"726\" height=\"356\" srcset=\"https:\/\/www.info.hazu.hr\/wp-content\/uploads\/2022\/02\/ret2-300x147.jpg 300w, https:\/\/www.info.hazu.hr\/wp-content\/uploads\/2022\/02\/ret2-1024x502.jpg 1024w, https:\/\/www.info.hazu.hr\/wp-content\/uploads\/2022\/02\/ret2-768x376.jpg 768w, https:\/\/www.info.hazu.hr\/wp-content\/uploads\/2022\/02\/ret2-1536x752.jpg 1536w, https:\/\/www.info.hazu.hr\/wp-content\/uploads\/2022\/02\/ret2-2048x1003.jpg 2048w\" sizes=\"(max-width: 726px) 100vw, 726px\" \/><\/p>\n<p>U rezoluciji se navodi da \u0107e se potpisnici zalagati za maksimalno pove\u0107anje stope kori\u0161tenja obnovljivih izvora energije, aktivnu provedbu strategije gospodarenja otpadom, recikliranje i sustavno odvajanje otpada, sprje\u010davanje praksi koje dovode do one\u010di\u0161\u0107enja okoli\u0161a i pridonose negativnim klimatskim promjenama te odr\u017eivi razvoj i promicanje ekonomske, dru\u0161tvene i ekolo\u0161ki odr\u017eive budu\u0107nosti.\u00a0Potpisnici su se tako\u0111er obvezali na pove\u0107anje ulaganja u zelene projekte, osiguravanje infrastrukture za odr\u017eivije poslovanje, edukaciju i informiranje gra\u0111ana, poticanje odr\u017eive mobilnosti i sli\u010dno.<\/p>\n","protected":false},"excerpt":{"rendered":"<p>U pala\u010di Hrvatske akademije znanosti i umjetnosti u \u010detvrtak 10. velja\u010de 2022. odr\u017eana je sve\u010danost potpisivanja Rezolucije Z,\u00a0ekolo\u0161ke akcije koju je pokrenuo Ve\u010dernji list s ciljem spajanja konkretnih dru\u0161tveno korisnih ekolo\u0161kih aktivnosti kojom su se njeni potpisnici obvezali na provedbu koraka u o\u010duvanju okoli\u0161a kroz ciljane ekolo\u0161ki odr\u017eive napore. Rezoluciju su potpisali predstavnici Zagreba\u010dke banke,\u00a0Fonda za za\u0161titu okoli\u0161a i energetsku u\u010dinkovitost, Grada\u00a0Koprivnice, Zubak grupe, Hrvatskog Telekoma, DIV Grupe,\u00a0Regionalne energetske agencije sjeverozapadne Hrvatske i\u00a0Ve\u010dernjeg lista.<\/p>\n","protected":false},"author":9,"featured_media":19725,"comment_status":"closed","ping_status":"open","sticky":false,"template":"","format":"standard","meta":[],"categories":[74],"tags":[],"_links":{"self":[{"href":"https:\/\/www.info.hazu.hr\/en\/wp-json\/wp\/v2\/posts\/19720"}],"collection":[{"href":"https:\/\/www.info.hazu.hr\/en\/wp-json\/wp\/v2\/posts"}],"about":[{"href":"https:\/\/www.info.hazu.hr\/en\/wp-json\/wp\/v2\/types\/post"}],"author":[{"embeddable":true,"href":"https:\/\/www.info.hazu.hr\/en\/wp-json\/wp\/v2\/users\/9"}],"replies":[{"embeddable":true,"href":"https:\/\/www.info.hazu.hr\/en\/wp-json\/wp\/v2\/comments?post=19720"}],"version-history":[{"count":6,"href":"https:\/\/www.info.hazu.hr\/en\/wp-json\/wp\/v2\/posts\/19720\/revisions"}],"predecessor-version":[{"id":19741,"href":"https:\/\/www.info.hazu.hr\/en\/wp-json\/wp\/v2\/posts\/19720\/revisions\/19741"}],"wp:featuredmedia":[{"embeddable":true,"href":"https:\/\/www.info.hazu.hr\/en\/wp-json\/wp\/v2\/media\/19725"}],"wp:attachment":[{"href":"https:\/\/www.info.hazu.hr\/en\/wp-json\/wp\/v2\/media?parent=19720"}],"wp:term":[{"taxonomy":"category","embeddable":true,"href":"https:\/\/www.info.hazu.hr\/en\/wp-json\/wp\/v2\/categories?post=19720"},{"taxonomy":"post_tag","embeddable":true,"href":"https:\/\/www.info.hazu.hr\/en\/wp-json\/wp\/v2\/tags?post=19720"}],"curies":[{"name":"wp","href":"https:\/\/api.w.org\/{rel}","templated":true}]}}