{"id":19660,"date":"2022-02-10T09:20:15","date_gmt":"2022-02-10T08:20:15","guid":{"rendered":"https:\/\/www.info.hazu.hr\/?p=19660"},"modified":"2022-02-11T12:53:33","modified_gmt":"2022-02-11T11:53:33","slug":"19660","status":"publish","type":"post","link":"https:\/\/www.info.hazu.hr\/en\/2022\/02\/19660\/","title":{"rendered":"Prije 100 godina rodio se akademik Ivo Padovan, predsjednik HAZU od 1998. do 2003."},"content":{"rendered":"<p>U petak 11. velja\u010de 2022. navr\u0161ava se stota godi\u0161njica ro\u0111enja <strong>akademika <\/strong><strong>Ive Padovana<\/strong>, istaknutog hrvatskog lije\u010dnika otorinolaringologa, predsjednika Hrvatske akademije znanosti i umjetnosti od 1998. do 2003. Tim su povodom predsjednik HAZU <strong>akademik Velimir Neidhardt<\/strong> i <strong>akademik Zvonko Kusi\u0107<\/strong>, predsjednik HAZU od 2011. do 2018., polo\u017eili vijenac na grob akademika Padovana na Mirogoju.<\/p>\n<p><img loading=\"lazy\" class=\"alignnone  wp-image-19772\" src=\"https:\/\/www.info.hazu.hr\/wp-content\/uploads\/2022\/02\/padovan-grob4-300x268.jpg\" alt=\"\" width=\"728\" height=\"650\" srcset=\"https:\/\/www.info.hazu.hr\/wp-content\/uploads\/2022\/02\/padovan-grob4-300x268.jpg 300w, https:\/\/www.info.hazu.hr\/wp-content\/uploads\/2022\/02\/padovan-grob4-1024x913.jpg 1024w, https:\/\/www.info.hazu.hr\/wp-content\/uploads\/2022\/02\/padovan-grob4-768x685.jpg 768w, https:\/\/www.info.hazu.hr\/wp-content\/uploads\/2022\/02\/padovan-grob4-1536x1370.jpg 1536w, https:\/\/www.info.hazu.hr\/wp-content\/uploads\/2022\/02\/padovan-grob4-2048x1827.jpg 2048w\" sizes=\"(max-width: 728px) 100vw, 728px\" \/><\/p>\n<p>Ivo Padovan rodio se 11. velja\u010de 1922. u Blatu na Kor\u010duli gdje je zavr\u0161io osnovnu \u0161kolu. Klasi\u010dnu gimnaziju polazio je u Dubrovniku i Zagrebu gdje je maturirao 1941. te upisao studij medicine. Od 1944. do 1945. bio je sudionik antifa\u0161isti\u010dke borbe u kojoj je bio referent saniteta zagorskog partizanskog odreda, lije\u010dnik u partizanskoj bolnici u Podgari\u0107u i epidemiolog X. zagreba\u010dkog korpusa.<\/p>\n<p>Diplomirao je na Medicinskom fakultetu Sveu\u010dili\u0161ta u Zagrebu 1947., a specijalizaciju iz otorinolaringologije, pod vodstvom dr. Ante \u0160ercera, zavr\u0161io je 1950. Od 1952. radio je u Klinici za otorinolaringologiju i cervikofacijalnu kirurgiju Klini\u010dke bolnice Sestre milosrdnice u Zagrebu, a od 1966. do 1988. bio je i njezin predstojnik. U toj je klinici organizirao Audiolo\u0161ki centar te Centar za tumore i rekonstrukcijsku kirurgiju, a od 1962. bio je i ravnatelj njezina Instituta za prou\u010davanje i za\u0161titu uha i di\u0161nih organa.<\/p>\n<p><img loading=\"lazy\" class=\"alignnone wp-image-19665\" src=\"https:\/\/www.info.hazu.hr\/wp-content\/uploads\/2022\/02\/Ivo-Padovan-mladi-236x300.jpg\" alt=\"\" width=\"283\" height=\"360\" srcset=\"https:\/\/www.info.hazu.hr\/wp-content\/uploads\/2022\/02\/Ivo-Padovan-mladi-236x300.jpg 236w, https:\/\/www.info.hazu.hr\/wp-content\/uploads\/2022\/02\/Ivo-Padovan-mladi-806x1024.jpg 806w, https:\/\/www.info.hazu.hr\/wp-content\/uploads\/2022\/02\/Ivo-Padovan-mladi-768x976.jpg 768w, https:\/\/www.info.hazu.hr\/wp-content\/uploads\/2022\/02\/Ivo-Padovan-mladi-1209x1536.jpg 1209w, https:\/\/www.info.hazu.hr\/wp-content\/uploads\/2022\/02\/Ivo-Padovan-mladi.jpg 1454w\" sizes=\"(max-width: 283px) 100vw, 283px\" \/><\/p>\n<p>Od 1968. do 1987. bio je i redoviti profesor Medicinskog fakulteta u Zagrebu.<\/p>\n<p>Bio je osniva\u010d (1966.) i dugogodi\u0161nji predsjednik Hrvatske lige za borbu protiv raka te utemeljitelj Zavoda za talasoterapiju u Crikvenici (1959.) i Sredi\u0161njega instituta za tumore (danas Klinika za tumore) u Zagrebu (1968.).<\/p>\n<p>Posebno se bavio rekonstrukcijskom kirurgijom i onkologijom glave i vrata te rehabilitacijom sluha i govora. Uveo je metodu izravnog pristupa hipofizi, razradio metodu otvorene plastike nosa te uveo vlastitu metodu \u2013 mozai\u010dnu plastiku u\u0161ke. Prema projektima na kojima je radio izra\u0111en je aparat AUDIOSTROB-PADOVAN za dijagnostiku respiratornih organa i fiziologiju generatora glasa.<\/p>\n<p>Autor je trosve\u0161\u010danog ud\u017ebenika otorinolaringolo\u0161ke kirurgije <em>Otorinolaringologija<\/em> (1982.\u20131987.). Bio je glavni urednik <em>Medicinske enciklopedije<\/em> (1986.), <em>Medicinskoga leksikona<\/em> (1992.) i <em>Enciklopedijskoga rje\u010dnika humanog i veterinarskoga medicinskog nazivlja<\/em> (2006.).<\/p>\n<p>Bio je \u010dlan mnogih presti\u017enih stru\u010dnih i znanstvenih organizacija u SAD-u, Velikoj Britaniji, Francuskoj i \u0160vicarskoj, a osam godina bio je i \u010dlan Vije\u0107a Me\u0111unarodne lige protiv raka.<\/p>\n<p><img loading=\"lazy\" class=\"alignnone wp-image-19668\" src=\"https:\/\/www.info.hazu.hr\/wp-content\/uploads\/2022\/02\/IPadovan_Vinogradska_1984-201x300.jpg\" alt=\"\" width=\"274\" height=\"409\" srcset=\"https:\/\/www.info.hazu.hr\/wp-content\/uploads\/2022\/02\/IPadovan_Vinogradska_1984-201x300.jpg 201w, https:\/\/www.info.hazu.hr\/wp-content\/uploads\/2022\/02\/IPadovan_Vinogradska_1984-685x1024.jpg 685w, https:\/\/www.info.hazu.hr\/wp-content\/uploads\/2022\/02\/IPadovan_Vinogradska_1984-768x1147.jpg 768w, https:\/\/www.info.hazu.hr\/wp-content\/uploads\/2022\/02\/IPadovan_Vinogradska_1984.jpg 834w\" sizes=\"(max-width: 274px) 100vw, 274px\" \/> <img loading=\"lazy\" class=\"alignnone wp-image-19682\" src=\"https:\/\/www.info.hazu.hr\/wp-content\/uploads\/2022\/02\/IPadovan_Vinogradska_1984_II-300x226.jpg\" alt=\"\" width=\"542\" height=\"408\" srcset=\"https:\/\/www.info.hazu.hr\/wp-content\/uploads\/2022\/02\/IPadovan_Vinogradska_1984_II-300x226.jpg 300w, https:\/\/www.info.hazu.hr\/wp-content\/uploads\/2022\/02\/IPadovan_Vinogradska_1984_II-1024x770.jpg 1024w, https:\/\/www.info.hazu.hr\/wp-content\/uploads\/2022\/02\/IPadovan_Vinogradska_1984_II-768x578.jpg 768w, https:\/\/www.info.hazu.hr\/wp-content\/uploads\/2022\/02\/IPadovan_Vinogradska_1984_II-1536x1156.jpg 1536w, https:\/\/www.info.hazu.hr\/wp-content\/uploads\/2022\/02\/IPadovan_Vinogradska_1984_II-2048x1541.jpg 2048w\" sizes=\"(max-width: 542px) 100vw, 542px\" \/><\/p>\n<p>Od 1977. bio je izvanredni, a od 1983. redoviti \u010dlan Akademije u kojoj je bio tajnik Razreda za medicinske znanosti (1989.\u20131991.), zatim potpredsjednik (1991.\u20131997.) i predsjednik HAZU u dva mandata\u00a0 (1998.\u20132003.). U to je vrijeme obnovljeno pro\u010delje Akademijine pala\u010de, zapo\u010deta rekonstrukcija i adaptacija Kemijskog laboratorija Hermana Boll\u00e9a u Knji\u017enicu HAZU, dvori\u0161na zgrada u Gunduli\u0107evoj 24 adaptirana je za potrebe Akademijinih zavoda (Arhiva za likovne umjetnosti, Zavoda za ornitologiju i Odsjeka za povijest medicinskih znanosti), a izra\u0111en je i sustav hidrantske mre\u017ee za za\u0161titu kompleksa Arboretuma HAZU u Trstenom od po\u017eara.<\/p>\n<p>Osobito se zalagao za izdava\u010dku djelatnost, za \u0161irenje me\u0111uakademijske suradnje te za promicanje vrsno\u0107e na podru\u010dju znanosti i umjetnosti.<\/p>\n<p>Akademik Ivo Padovan umro je u Zagrebu 19. prosinca 2010.<\/p>\n<p><img loading=\"lazy\" class=\"alignnone wp-image-19670\" src=\"https:\/\/www.info.hazu.hr\/wp-content\/uploads\/2022\/02\/Papa_Ivan_Pavao_II_u_Zg_1998-300x206.jpg\" alt=\"\" width=\"751\" height=\"516\" srcset=\"https:\/\/www.info.hazu.hr\/wp-content\/uploads\/2022\/02\/Papa_Ivan_Pavao_II_u_Zg_1998-300x206.jpg 300w, https:\/\/www.info.hazu.hr\/wp-content\/uploads\/2022\/02\/Papa_Ivan_Pavao_II_u_Zg_1998-1024x704.jpg 1024w, https:\/\/www.info.hazu.hr\/wp-content\/uploads\/2022\/02\/Papa_Ivan_Pavao_II_u_Zg_1998-768x528.jpg 768w, https:\/\/www.info.hazu.hr\/wp-content\/uploads\/2022\/02\/Papa_Ivan_Pavao_II_u_Zg_1998-1536x1056.jpg 1536w, https:\/\/www.info.hazu.hr\/wp-content\/uploads\/2022\/02\/Papa_Ivan_Pavao_II_u_Zg_1998-2048x1408.jpg 2048w\" sizes=\"(max-width: 751px) 100vw, 751px\" \/><\/p>\n<p><img loading=\"lazy\" class=\"alignnone wp-image-19674\" src=\"https:\/\/www.info.hazu.hr\/wp-content\/uploads\/2022\/02\/04-300x212.jpg\" alt=\"\" width=\"750\" height=\"530\" srcset=\"https:\/\/www.info.hazu.hr\/wp-content\/uploads\/2022\/02\/04-300x212.jpg 300w, https:\/\/www.info.hazu.hr\/wp-content\/uploads\/2022\/02\/04-1024x724.jpg 1024w, https:\/\/www.info.hazu.hr\/wp-content\/uploads\/2022\/02\/04-768x543.jpg 768w, https:\/\/www.info.hazu.hr\/wp-content\/uploads\/2022\/02\/04-1536x1086.jpg 1536w, https:\/\/www.info.hazu.hr\/wp-content\/uploads\/2022\/02\/04-2048x1449.jpg 2048w\" sizes=\"(max-width: 750px) 100vw, 750px\" \/><\/p>\n","protected":false},"excerpt":{"rendered":"<p>U petak 11. velja\u010de 2022. navr\u0161ava se stota godi\u0161njica ro\u0111enja akademika Ive Padovana, istaknutog hrvatskog lije\u010dnika otorinolaringologa, predsjednika Hrvatske akademije znanosti i umjetnosti od 1998. do 2003.\u00a0 Tim su povodom predsjednik HAZU akademik Velimir Neidhardt i akademik Zvonko Kusi\u0107, predsjednik HAZU od 2011. do 2018., polo\u017eili vijenac na grob akademika Padovana na Mirogoju.<\/p>\n","protected":false},"author":9,"featured_media":19661,"comment_status":"closed","ping_status":"open","sticky":false,"template":"","format":"standard","meta":[],"categories":[74],"tags":[],"_links":{"self":[{"href":"https:\/\/www.info.hazu.hr\/en\/wp-json\/wp\/v2\/posts\/19660"}],"collection":[{"href":"https:\/\/www.info.hazu.hr\/en\/wp-json\/wp\/v2\/posts"}],"about":[{"href":"https:\/\/www.info.hazu.hr\/en\/wp-json\/wp\/v2\/types\/post"}],"author":[{"embeddable":true,"href":"https:\/\/www.info.hazu.hr\/en\/wp-json\/wp\/v2\/users\/9"}],"replies":[{"embeddable":true,"href":"https:\/\/www.info.hazu.hr\/en\/wp-json\/wp\/v2\/comments?post=19660"}],"version-history":[{"count":10,"href":"https:\/\/www.info.hazu.hr\/en\/wp-json\/wp\/v2\/posts\/19660\/revisions"}],"predecessor-version":[{"id":19774,"href":"https:\/\/www.info.hazu.hr\/en\/wp-json\/wp\/v2\/posts\/19660\/revisions\/19774"}],"wp:featuredmedia":[{"embeddable":true,"href":"https:\/\/www.info.hazu.hr\/en\/wp-json\/wp\/v2\/media\/19661"}],"wp:attachment":[{"href":"https:\/\/www.info.hazu.hr\/en\/wp-json\/wp\/v2\/media?parent=19660"}],"wp:term":[{"taxonomy":"category","embeddable":true,"href":"https:\/\/www.info.hazu.hr\/en\/wp-json\/wp\/v2\/categories?post=19660"},{"taxonomy":"post_tag","embeddable":true,"href":"https:\/\/www.info.hazu.hr\/en\/wp-json\/wp\/v2\/tags?post=19660"}],"curies":[{"name":"wp","href":"https:\/\/api.w.org\/{rel}","templated":true}]}}