{"id":16421,"date":"2021-11-17T16:29:34","date_gmt":"2021-11-17T15:29:34","guid":{"rendered":"https:\/\/www.info.hazu.hr\/?p=16421"},"modified":"2021-11-17T20:33:38","modified_gmt":"2021-11-17T19:33:38","slug":"hrvatska-akademija-znanosti-i-umjetnosti-odala-pocast-zrtvama-domovinskog-rata-vukovara-i-skabrnje","status":"publish","type":"post","link":"https:\/\/www.info.hazu.hr\/en\/2021\/11\/hrvatska-akademija-znanosti-i-umjetnosti-odala-pocast-zrtvama-domovinskog-rata-vukovara-i-skabrnje\/","title":{"rendered":"Hrvatska akademija znanosti i umjetnosti odala po\u010dast \u017ertvama Domovinskog rata, Vukovara i \u0160kabrnje"},"content":{"rendered":"<p>Uo\u010di Dana sje\u0107anja na \u017ertve Domovinskog rata i Dan sje\u0107anja na \u017ertvu Vukovara i \u0160kabrnje, Hrvatska akademija znanosti i umjetnosti odala im je po\u010dast u srijedu 17. studenog 2021. Oko spomenika utemeljitelja Akademije biskupa Josipa Jurja Strossmayera pored pala\u010de HAZU u Zagrebu upaljeno je 30 crvenih i bijelih svije\u0107a u spomen na 30. godi\u0161njicu stradanja Vukovara i \u0160kabrnje u srpskoj agresiji, a prvu svije\u0107u upalio je predsjednik HAZU akademik Velimir Neidhardt.\u00a0 Vijenac Hrvatske akademije u srijedu je polo\u017een na Memorijalnom groblju \u017ertava iz Domovinskog rata u Vukovaru.<\/p>\n<p><img loading=\"lazy\" class=\"alignnone wp-image-16428\" src=\"https:\/\/www.info.hazu.hr\/wp-content\/uploads\/2021\/11\/najt2-2-222x300.jpg\" alt=\"\" width=\"322\" height=\"435\" srcset=\"https:\/\/www.info.hazu.hr\/wp-content\/uploads\/2021\/11\/najt2-2-222x300.jpg 222w, https:\/\/www.info.hazu.hr\/wp-content\/uploads\/2021\/11\/najt2-2-758x1024.jpg 758w, https:\/\/www.info.hazu.hr\/wp-content\/uploads\/2021\/11\/najt2-2-768x1037.jpg 768w, https:\/\/www.info.hazu.hr\/wp-content\/uploads\/2021\/11\/najt2-2-1137x1536.jpg 1137w, https:\/\/www.info.hazu.hr\/wp-content\/uploads\/2021\/11\/najt2-2-1517x2048.jpg 1517w, https:\/\/www.info.hazu.hr\/wp-content\/uploads\/2021\/11\/najt2-2.jpg 1595w\" sizes=\"(max-width: 322px) 100vw, 322px\" \/><\/p>\n<p><img loading=\"lazy\" class=\"alignnone wp-image-16430\" src=\"https:\/\/www.info.hazu.hr\/wp-content\/uploads\/2021\/11\/svijece-svi-e1637162966248-300x196.jpg\" alt=\"\" width=\"438\" height=\"286\" \/><\/p>\n<p><img loading=\"lazy\" class=\"alignnone wp-image-16419\" src=\"https:\/\/www.info.hazu.hr\/wp-content\/uploads\/2021\/11\/Dan-sjecanja_Vukovar-300x227.jpg\" alt=\"\" width=\"438\" height=\"331\" \/><\/p>\n<p><img loading=\"lazy\" class=\"alignnone wp-image-16417\" src=\"https:\/\/www.info.hazu.hr\/wp-content\/uploads\/2021\/11\/Dan-sjecanja_Vukovar-2-204x300.jpg\" alt=\"\" width=\"302\" height=\"444\" \/><\/p>\n","protected":false},"excerpt":{"rendered":"<p>Uo\u010di Dana sje\u0107anja na \u017ertve Domovinskog rata i Dan sje\u0107anja na \u017ertvu Vukovara i \u0160kabrnje, Hrvatska akademija znanosti i umjetnosti odala im je po\u010dast u srijedu 17. studenog 2021. Oko spomenika utemeljitelja Akademije biskupa Josipa Jurja Strossmayera pored pala\u010de HAZU u Zagrebu predsjednik HAZU akademik Velimir Neidhardt upalio je 30 crvenih i bijelih svije\u0107a u spomen na 30. godi\u0161njicu stradanja Vukovara i \u0160kabrnje u srpskoj agresiji. Vijenac Hrvatske akademije u utorak je polo\u017een na Memorijalnom groblju \u017ertava iz Domovinskog rata u Vukovaru.<\/p>\n","protected":false},"author":9,"featured_media":16435,"comment_status":"closed","ping_status":"open","sticky":false,"template":"","format":"standard","meta":[],"categories":[74],"tags":[],"_links":{"self":[{"href":"https:\/\/www.info.hazu.hr\/en\/wp-json\/wp\/v2\/posts\/16421"}],"collection":[{"href":"https:\/\/www.info.hazu.hr\/en\/wp-json\/wp\/v2\/posts"}],"about":[{"href":"https:\/\/www.info.hazu.hr\/en\/wp-json\/wp\/v2\/types\/post"}],"author":[{"embeddable":true,"href":"https:\/\/www.info.hazu.hr\/en\/wp-json\/wp\/v2\/users\/9"}],"replies":[{"embeddable":true,"href":"https:\/\/www.info.hazu.hr\/en\/wp-json\/wp\/v2\/comments?post=16421"}],"version-history":[{"count":8,"href":"https:\/\/www.info.hazu.hr\/en\/wp-json\/wp\/v2\/posts\/16421\/revisions"}],"predecessor-version":[{"id":16439,"href":"https:\/\/www.info.hazu.hr\/en\/wp-json\/wp\/v2\/posts\/16421\/revisions\/16439"}],"wp:featuredmedia":[{"embeddable":true,"href":"https:\/\/www.info.hazu.hr\/en\/wp-json\/wp\/v2\/media\/16435"}],"wp:attachment":[{"href":"https:\/\/www.info.hazu.hr\/en\/wp-json\/wp\/v2\/media?parent=16421"}],"wp:term":[{"taxonomy":"category","embeddable":true,"href":"https:\/\/www.info.hazu.hr\/en\/wp-json\/wp\/v2\/categories?post=16421"},{"taxonomy":"post_tag","embeddable":true,"href":"https:\/\/www.info.hazu.hr\/en\/wp-json\/wp\/v2\/tags?post=16421"}],"curies":[{"name":"wp","href":"https:\/\/api.w.org\/{rel}","templated":true}]}}