{"id":16391,"date":"2021-11-17T11:45:33","date_gmt":"2021-11-17T10:45:33","guid":{"rendered":"https:\/\/www.info.hazu.hr\/?p=16391"},"modified":"2021-11-17T11:45:33","modified_gmt":"2021-11-17T10:45:33","slug":"hrvatska-akademija-znanosti-i-umjetnosti-primila-zahvalnicu-hrvatskog-kulturnog-drustva-napredak-zagreb","status":"publish","type":"post","link":"https:\/\/www.info.hazu.hr\/en\/2021\/11\/hrvatska-akademija-znanosti-i-umjetnosti-primila-zahvalnicu-hrvatskog-kulturnog-drustva-napredak-zagreb\/","title":{"rendered":"Hrvatska akademija znanosti i umjetnosti primila zahvalnicu Hrvatskog kulturnog dru\u0161tva Napredak-Zagreb"},"content":{"rendered":"<p>U ponedjeljak 15. studenog 2021. u Hrvatskom narodnom kazali\u0161tu, pod pokroviteljstvom predsjednika Republike Hrvatske Zorana Milanovi\u0107a, sve\u010dano je obilje\u017eena 100. godi\u0161njica postojanja Hrvatskog kulturnog dru\u0161tva Napredak u Zagrebu. Doga\u0111aj je bio protkan simbolikom povijesnog razdoblja kroz koje je Napredak prolazio, prilago\u0111avaju\u0107i se svim promjenama i te\u0161ko\u0107ama koje su pratile cjelokupno dru\u0161tvo, ali i \u010dovje\u010danstvo. Tako\u0111er, nagla\u0161eni su i mnogobrojni uspjesi radu, odnosno ispunjavanju, promicanju i njegovanju svojih temeljnih ciljeva i vrednota, a to su: dobro istina i ljepota.<\/p>\n<p>Doga\u0111aju su prisustvovali akademik Ferdo Ba\u0161i\u0107 kao izaslanik HAZU, te rektor Sveu\u010dili\u0161ta u Zagrebu prof.dr.sc. Damir Boras, Dubravka \u0110uri\u0107 Nemec, posebna savjetnice ministrice kulture Nine Obuljen Kor\u017einek, Juro Martinovi\u0107, dr\u017eavni tajnik u ministarstvu pravosu\u0111a, general Rajko Duman\u010di\u0107, izaslanik Generalskog zbora, mr.sc. Snje\u017eana Juri\u0161i\u0107, predstavnica Hrvatske matice iseljenika, mons. Tomislav Suboti\u010danec, izaslanik kardinala Josipa Bozani\u0107a i mnogi drugi.<\/p>\n<p><img loading=\"lazy\" class=\"alignnone  wp-image-16398\" src=\"https:\/\/www.info.hazu.hr\/wp-content\/uploads\/2021\/11\/napredak.jpg\" alt=\"\" width=\"307\" height=\"205\" \/><\/p>\n<p>Od svog osnivanja 1902. do danas Hrvatsko kulturno dru\u0161tvo Napredak stjeci\u0161te je kulturnog i intelektualnog \u017eivota, a sve aktivnosti i rad Dru\u0161tva usmjerene su u prepoznavanje bitnih stvari za afirmaciju kulturnih dobara i unaprje\u0111enje hrvatske kulture te obrazovanja. U Zagrebu Dru\u0161tvo postoji od 1921. kao samostalna, neprofitna, nepoliti\u010dka udruga koja okuplja sve one koji \u017eele pridonijeti u promicanju hrvatske duhovnosti, ja\u010danju nacionalne svijesti te o\u010duvanju i razvijanju svih kulturnih vrednota Hrvata.<\/p>\n<p>U ime Hrvatske akademije znanosti i umjetnosti skup je pozdravio akademik Ferdo Ba\u0161i\u0107, naglasiv\u0161i da je obnovu rada Napretka poslije zabrane iz 1949. inicirala Hrvatska akademija znanosti i umjetnosti, \u00a0a proveo akademik Dalibor Brozovi\u0107.<\/p>\n<p>Temeljem tih smjernica i ciljeva, Napredak kao dru\u0161tvo mnogo je u\u010dinio po pitanju o\u010duvanja i afirmacije hrvatske kulture i hrvatskoga nacionalnog identiteta, univerzalnih vrijednosti zajedni\u010dkog dobra, \u00a0pritom ne zanemaruju\u0107i druge i druk\u010dije, stipendiranju mladih, odnosno u\u010denika i studenata te na povezivanju Hrvata u BiH, Hrvatskoj i u svijetu i univerzalnih vrijednosti zajedni\u010dkog dobra.<\/p>\n<p>\u201eGledano kroz povijest djelovanja Napretka, u stoljetnom vremenskom rasponu, vrijedno je istaknuti kako bi hrvatska, usudimo se re\u0107i i svjetska kultura, umjetnost i znanost bila znatno siroma\u0161nija bez na\u0161ih Napretkovaca, koji su ujedno i nobelovci, poput Ive Andri\u0107a, Vladimira Preloga, akademika Ive Padovana, pjesnika Nikole \u0160opa, slikara Gabrijela Jurki\u0107a te mnogih vrsnih znanstvenika, knji\u017eevnika, glazbenika i umjetnika iz raznih podru\u010dja djelovanja\u201c, izjavio je dr.sc. Tomislav Dubravac, dopredsjednik HKD Napredak-Zagreb.\u00a0Tako\u0111er, istaknuo je da je Dru\u0161tvo i dalje spremno za otvoreno rukovanje s istinom i dobrom te da i dalje vjeruju u stihove Napretkove himne u kojoj stoji da su Zagreb, Sarajevo, Mostar i Split zajednica Napretka.<\/p>\n<p>Na sve\u010danom obilje\u017eavanju uru\u010dene su zahvalnice istaknutim pojedincima zagreba\u010dkog Napretka, predstavnicima HAZU, Hrvatske matice iseljenika, Zagreba\u010dke Filharmonije, Hrvatskog narodnog kazali\u0161ta i Sveu\u010dili\u0161ta u Zagrebu koji su pomagali Napretku u njegovom radu i djelovanju.<\/p>\n","protected":false},"excerpt":{"rendered":"<p>U ponedjeljak 15. studenog 2021. u Hrvatskom narodnom kazali\u0161tu, pod pokroviteljstvom predsjednika Republike Hrvatske Zorana Milanovi\u0107a, sve\u010dano je obilje\u017eena 100. godi\u0161njica postojanja Hrvatskog kulturnog dru\u0161tva Napredak u Zagrebu. U ime Hrvatske akademije znanosti i umjetnosti skup je pozdravio akademik Ferdo Ba\u0161i\u0107 kojem je uru\u010dena i Napretkova zahvalnica Hrvatskoj akademiji.<\/p>\n","protected":false},"author":9,"featured_media":16394,"comment_status":"closed","ping_status":"open","sticky":false,"template":"","format":"standard","meta":[],"categories":[74],"tags":[],"_links":{"self":[{"href":"https:\/\/www.info.hazu.hr\/en\/wp-json\/wp\/v2\/posts\/16391"}],"collection":[{"href":"https:\/\/www.info.hazu.hr\/en\/wp-json\/wp\/v2\/posts"}],"about":[{"href":"https:\/\/www.info.hazu.hr\/en\/wp-json\/wp\/v2\/types\/post"}],"author":[{"embeddable":true,"href":"https:\/\/www.info.hazu.hr\/en\/wp-json\/wp\/v2\/users\/9"}],"replies":[{"embeddable":true,"href":"https:\/\/www.info.hazu.hr\/en\/wp-json\/wp\/v2\/comments?post=16391"}],"version-history":[{"count":3,"href":"https:\/\/www.info.hazu.hr\/en\/wp-json\/wp\/v2\/posts\/16391\/revisions"}],"predecessor-version":[{"id":16401,"href":"https:\/\/www.info.hazu.hr\/en\/wp-json\/wp\/v2\/posts\/16391\/revisions\/16401"}],"wp:featuredmedia":[{"embeddable":true,"href":"https:\/\/www.info.hazu.hr\/en\/wp-json\/wp\/v2\/media\/16394"}],"wp:attachment":[{"href":"https:\/\/www.info.hazu.hr\/en\/wp-json\/wp\/v2\/media?parent=16391"}],"wp:term":[{"taxonomy":"category","embeddable":true,"href":"https:\/\/www.info.hazu.hr\/en\/wp-json\/wp\/v2\/categories?post=16391"},{"taxonomy":"post_tag","embeddable":true,"href":"https:\/\/www.info.hazu.hr\/en\/wp-json\/wp\/v2\/tags?post=16391"}],"curies":[{"name":"wp","href":"https:\/\/api.w.org\/{rel}","templated":true}]}}