{"id":15697,"date":"2021-10-29T13:56:56","date_gmt":"2021-10-29T11:56:56","guid":{"rendered":"https:\/\/www.info.hazu.hr\/?p=15697"},"modified":"2021-10-29T13:57:36","modified_gmt":"2021-10-29T11:57:36","slug":"bugarska-veleposlanica-genka-georgieva-odala-pocast-josipu-jurju-strossmayeru-i-franji-rackom","status":"publish","type":"post","link":"https:\/\/www.info.hazu.hr\/en\/2021\/10\/bugarska-veleposlanica-genka-georgieva-odala-pocast-josipu-jurju-strossmayeru-i-franji-rackom\/","title":{"rendered":"Bugarska veleposlanica Genka Georgieva odala po\u010dast Josipu Jurju Strossmayeru i Franji Ra\u010dkom"},"content":{"rendered":"<p>Bugarska veleposlanica <strong>Genka Georgieva<\/strong> polo\u017eila je u petak 29. listopada vijenac ispred spomenika biskupa <strong>Josipa Jurja Strossmayera<\/strong> pored pala\u010de Hrvatske akademije znanosti i umjetnosti te na spomen-plo\u010du prvom predsjedniku Akademije <strong>Franji Ra\u010dkom<\/strong> na Akademijinoj zgradi na Strossmayerovom trgu 2. Polaganju vijenaca prisustvovali su predsjednik HAZU <strong>akademik Velimir Neidhardt<\/strong> i potpredsjednik <strong>akademik Frano Para\u0107<\/strong>. Veleposlanica Georgieva posjetila je i pala\u010du HAZU gdje je sa svojim doma\u0107inima razgovarala o mogu\u0107nostima dodatne suradnje Hrvatske akademije s partnerima iz Bugarske.<\/p>\n<p><img loading=\"lazy\" class=\"alignnone wp-image-15698\" src=\"https:\/\/www.info.hazu.hr\/wp-content\/uploads\/2021\/10\/bug1-300x207.jpg\" alt=\"\" width=\"441\" height=\"304\" srcset=\"https:\/\/www.info.hazu.hr\/wp-content\/uploads\/2021\/10\/bug1-300x207.jpg 300w, https:\/\/www.info.hazu.hr\/wp-content\/uploads\/2021\/10\/bug1-1024x707.jpg 1024w, https:\/\/www.info.hazu.hr\/wp-content\/uploads\/2021\/10\/bug1-768x530.jpg 768w, https:\/\/www.info.hazu.hr\/wp-content\/uploads\/2021\/10\/bug1-1536x1060.jpg 1536w, https:\/\/www.info.hazu.hr\/wp-content\/uploads\/2021\/10\/bug1.jpg 1931w\" sizes=\"(max-width: 441px) 100vw, 441px\" \/><\/p>\n<p>Polaganje vijenaca organizirano je povodom obilje\u017eavanja bugarskog nacionalnog blagdana Dana narodnih buditelja 1. studenog, kojim se odaje po\u010dast bugarskim prosvjetiteljima, knji\u017eevnicima i svima koji su dali doprinos razvoju bugarske kulture, znanosti i obrazovanja. Ve\u0107 tradicionalno, bugarsko veleposlanstvo u Hrvatskoj odaje po\u010dast Strossmayeru i Ra\u010dkom koji su zbog svog doprinosa duhovnom zbli\u017eavanju dvaju naroda 1884. progla\u0161eni po\u010dasnim \u010dlanovima Bugarske akademije znanosti. Zahvaljuju\u0107i Strossmayeru, 1861. je izdana prva zbirka narodnih pjesama bra\u0107e Konstantina i Dimitrija Miladinova, a mnogim bugarskim studentima omogu\u0107eno je \u0161kolovanje na Sveu\u010dili\u0161tu u Zagrebu.<\/p>\n<p>Franjo Ra\u010dki tako\u0111er je zadu\u017eio Bugare kao povjesni\u010dar jer je napisao <em>Povijest Bugarske<\/em> (otkrivena tek 1995. u Hrvatskom dr\u017eavnom arhivu i objavljena 1999.), a kao Strossmayerov najbli\u017ei suradnik pomagao je Konstantinu Miladinovu u sastavljanju prvog hrvatsko-bugarskog rje\u010dnika. Zbog svojih zasluga Bugarska akademija znanosti Ra\u010dkome je podigla spomenik u svojoj pala\u010di u Sofiji kao jedinom strancu, dok Strossmayer u Sofiji ima ulicu sa svojim imenom i spomenik.<\/p>\n<p><img loading=\"lazy\" class=\"alignnone wp-image-15700\" src=\"https:\/\/www.info.hazu.hr\/wp-content\/uploads\/2021\/10\/bug3-300x266.jpg\" alt=\"\" width=\"443\" height=\"393\" srcset=\"https:\/\/www.info.hazu.hr\/wp-content\/uploads\/2021\/10\/bug3-300x266.jpg 300w, https:\/\/www.info.hazu.hr\/wp-content\/uploads\/2021\/10\/bug3-1024x907.jpg 1024w, https:\/\/www.info.hazu.hr\/wp-content\/uploads\/2021\/10\/bug3-768x681.jpg 768w, https:\/\/www.info.hazu.hr\/wp-content\/uploads\/2021\/10\/bug3-1536x1361.jpg 1536w, https:\/\/www.info.hazu.hr\/wp-content\/uploads\/2021\/10\/bug3.jpg 1652w\" sizes=\"(max-width: 443px) 100vw, 443px\" \/><\/p>\n","protected":false},"excerpt":{"rendered":"<p>Bugarska veleposlanica Genka Georgieva polo\u017eila je u petak 29. listopada vijenac ispred spomenika biskupa Josipa Jurja Strossmayera pored pala\u010de Hrvatske akademije znanosti i umjetnosti te na spomen-plo\u010du prvom predsjedniku Akademije Franji Ra\u010dkom na Akademijinoj zgradi na Strossmayerovom trgu 2. Polaganju vijenaca prisustvovali su predsjednik HAZU akademik Velimir Neidhardt i potpredsjednik akademik Frano Para\u0107.<\/p>\n","protected":false},"author":9,"featured_media":15702,"comment_status":"closed","ping_status":"open","sticky":false,"template":"","format":"standard","meta":[],"categories":[74],"tags":[],"_links":{"self":[{"href":"https:\/\/www.info.hazu.hr\/en\/wp-json\/wp\/v2\/posts\/15697"}],"collection":[{"href":"https:\/\/www.info.hazu.hr\/en\/wp-json\/wp\/v2\/posts"}],"about":[{"href":"https:\/\/www.info.hazu.hr\/en\/wp-json\/wp\/v2\/types\/post"}],"author":[{"embeddable":true,"href":"https:\/\/www.info.hazu.hr\/en\/wp-json\/wp\/v2\/users\/9"}],"replies":[{"embeddable":true,"href":"https:\/\/www.info.hazu.hr\/en\/wp-json\/wp\/v2\/comments?post=15697"}],"version-history":[{"count":2,"href":"https:\/\/www.info.hazu.hr\/en\/wp-json\/wp\/v2\/posts\/15697\/revisions"}],"predecessor-version":[{"id":15705,"href":"https:\/\/www.info.hazu.hr\/en\/wp-json\/wp\/v2\/posts\/15697\/revisions\/15705"}],"wp:featuredmedia":[{"embeddable":true,"href":"https:\/\/www.info.hazu.hr\/en\/wp-json\/wp\/v2\/media\/15702"}],"wp:attachment":[{"href":"https:\/\/www.info.hazu.hr\/en\/wp-json\/wp\/v2\/media?parent=15697"}],"wp:term":[{"taxonomy":"category","embeddable":true,"href":"https:\/\/www.info.hazu.hr\/en\/wp-json\/wp\/v2\/categories?post=15697"},{"taxonomy":"post_tag","embeddable":true,"href":"https:\/\/www.info.hazu.hr\/en\/wp-json\/wp\/v2\/tags?post=15697"}],"curies":[{"name":"wp","href":"https:\/\/api.w.org\/{rel}","templated":true}]}}