{"id":15028,"date":"2021-10-19T11:49:13","date_gmt":"2021-10-19T09:49:13","guid":{"rendered":"https:\/\/www.info.hazu.hr\/?p=15028"},"modified":"2021-10-19T13:51:34","modified_gmt":"2021-10-19T11:51:34","slug":"intervju-akademika-ranka-matasovica-u-vecernjem-listu","status":"publish","type":"post","link":"https:\/\/www.info.hazu.hr\/en\/2021\/10\/intervju-akademika-ranka-matasovica-u-vecernjem-listu\/","title":{"rendered":"Intervju akademika Ranka Matasovi\u0107a u Ve\u010dernjem listu"},"content":{"rendered":"<p>U Knji\u017enici Hrvatske akademije znanosti i umjetnosti 18. i 19. listopada odr\u017eava se\u00a0 konferencija <a href=\"https:\/\/www.info.hazu.hr\/events\/norma-hrvatskoga-standardnoga-jezika-u-21-stoljecu\/\" target=\"_blank\" rel=\"noopener\">\u201cNorma hrvatskoga standardnoga jezika u 21. stolje\u0107u\u201d<\/a>. Na konferenciji \u0107e jezikoslovci razli\u010ditih teorijskih pogleda o hrvatskom standardnom jeziku i njegovoj normi poku\u0161ati uspostaviti plodan dijalog i dati odgovore na va\u017ena pitanja.<\/p>\n<p>Organizator konferencije, akademik Ranko Matasovi\u0107 tim je povodom u intervjuu za Ve\u010dernji list razgovarao s Denisom Derkom.<\/p>\n<ul>\n<li><a href=\"https:\/\/www.vecernji.hr\/kultura\/akademija-ne-moze-reagirati-na-bas-svaku-srpsku-bezobrastinu-i-provokaciju-1531112\" target=\"_blank\" rel=\"noopener\">Ovdje pro\u010ditajte intervju u cijelosti<\/a><\/li>\n<\/ul>\n","protected":false},"excerpt":{"rendered":"<p>U Knji\u017enici Hrvatske akademije znanosti i umjetnosti 18. i 19. listopada odr\u017eava se\u00a0 konferencija \u201cNorma hrvatskoga standardnoga jezika u 21. stolje\u0107u\u201d. Tema je zanimljiva i uvijek aktualna, a tim je povodom akademik Ranko Matasovi\u0107 u intervjuu za Ve\u010dernji list razgovarao s Denisom Derkom.<\/p>\n","protected":false},"author":6,"featured_media":15029,"comment_status":"closed","ping_status":"open","sticky":false,"template":"","format":"standard","meta":[],"categories":[74,107],"tags":[],"_links":{"self":[{"href":"https:\/\/www.info.hazu.hr\/en\/wp-json\/wp\/v2\/posts\/15028"}],"collection":[{"href":"https:\/\/www.info.hazu.hr\/en\/wp-json\/wp\/v2\/posts"}],"about":[{"href":"https:\/\/www.info.hazu.hr\/en\/wp-json\/wp\/v2\/types\/post"}],"author":[{"embeddable":true,"href":"https:\/\/www.info.hazu.hr\/en\/wp-json\/wp\/v2\/users\/6"}],"replies":[{"embeddable":true,"href":"https:\/\/www.info.hazu.hr\/en\/wp-json\/wp\/v2\/comments?post=15028"}],"version-history":[{"count":4,"href":"https:\/\/www.info.hazu.hr\/en\/wp-json\/wp\/v2\/posts\/15028\/revisions"}],"predecessor-version":[{"id":15036,"href":"https:\/\/www.info.hazu.hr\/en\/wp-json\/wp\/v2\/posts\/15028\/revisions\/15036"}],"wp:featuredmedia":[{"embeddable":true,"href":"https:\/\/www.info.hazu.hr\/en\/wp-json\/wp\/v2\/media\/15029"}],"wp:attachment":[{"href":"https:\/\/www.info.hazu.hr\/en\/wp-json\/wp\/v2\/media?parent=15028"}],"wp:term":[{"taxonomy":"category","embeddable":true,"href":"https:\/\/www.info.hazu.hr\/en\/wp-json\/wp\/v2\/categories?post=15028"},{"taxonomy":"post_tag","embeddable":true,"href":"https:\/\/www.info.hazu.hr\/en\/wp-json\/wp\/v2\/tags?post=15028"}],"curies":[{"name":"wp","href":"https:\/\/api.w.org\/{rel}","templated":true}]}}