{"id":14340,"date":"2021-10-04T15:58:16","date_gmt":"2021-10-04T13:58:16","guid":{"rendered":"https:\/\/www.info.hazu.hr\/?p=14340"},"modified":"2021-10-04T15:58:16","modified_gmt":"2021-10-04T13:58:16","slug":"stipendisti-programa-mobilnosti-jesh-croatia-posjetili-hrvatsku-akademiju-znanosti-i-umjetnosti","status":"publish","type":"post","link":"https:\/\/www.info.hazu.hr\/en\/2021\/10\/stipendisti-programa-mobilnosti-jesh-croatia-posjetili-hrvatsku-akademiju-znanosti-i-umjetnosti\/","title":{"rendered":"Stipendisti programa mobilnosti \u201eJESH \u2013 Croatia&#8221; posjetili Hrvatsku akademiju znanosti i umjetnosti"},"content":{"rendered":"<p>Potpredsjednici Hrvatske akademije znanosti i umjetnosti akademik Davor Mili\u010di\u0107 i akademik Frano Para\u0107 te potpredsjednik Austrijske akademije znanosti prof. dr. sc. Arnold Suppan susreli su se u utorak 4. listopada 2021. u pala\u010di HAZU s dobitnicima stipendija Austrijske akademije znanosti za program mobilnosti \u201eJESH \u2013 Croatia.\u201c Rije\u010d je o programu koji poti\u010de znanstvenu suradnju izme\u0111u mladih istra\u017eiva\u010da u Hrvatskoj i njihovih partnera u Austriji radi potpore mladim znanstvenicima koji su pogo\u0111eni posljedicama pandemije bolesti COVID-19 i potresa u Zagrebu u o\u017eujku 2020. Program je namijenjen znanstvenicima zaposlenima na znanstvenoistra\u017eiva\u010dkim ustanovama u Hrvatskoj koji su doktorirali tijekom proteklih 10 godina i koji \u017eele istra\u017eivati na partnerskoj ustanovi u Austriji, \u0161to im omogu\u0107ava rad s inozemnim kolegama, usavr\u0161avanje, kao i kori\u0161tenje opreme koja u Hrvatskoj nije dostupna. Na susretu su od stipendista bili Dario \u010cepo s Pravnog fakulteta u Zagrebu, Tihana \u010cizmar i Sonja Marinovi\u0107 iz Instituta Ru\u0111er Bo\u0161kovi\u0107, Martina Kramari\u0107 iz Instituta za hrvatski jezik i jezikoslovlje, Manuela Pani\u0107 iz Zavoda za biokemijsko in\u017eenjerstvo te Tomislav Mati\u0107 s Hrvatskog katoli\u010dkog sveu\u010dili\u0161ta. Oni su ukratko predstavili svoja dosada\u0161nja istra\u017eivanja i planove za njihov nastavak tijekom boravka u Austriji.<\/p>\n","protected":false},"excerpt":{"rendered":"<p>Potpredsjednici Hrvatske akademije znanosti i umjetnosti akademik Davor Mili\u010di\u0107 i akademik Frano Para\u0107 te potpredsjednik Austrijske akademije znanosti prof. dr. sc. Arnold Suppan susreli su se u utorak 4. listopada 2021. u pala\u010di HAZU s dobitnicima stipendija Austrijske akademije znanosti za program mobilnosti \u201eJESH \u2013 Croatia.\u201c Rije\u010d je o programu koji poti\u010de znanstvenu suradnju izme\u0111u mladih istra\u017eiva\u010da u Hrvatskoj i njihovih partnera u Austriji radi potpore mladim znanstvenicima koji su pogo\u0111eni posljedicama pandemije bolesti COVID-19 i potresa u Zagrebu u o\u017eujku 2020.<\/p>\n","protected":false},"author":9,"featured_media":14341,"comment_status":"closed","ping_status":"open","sticky":false,"template":"","format":"standard","meta":[],"categories":[74],"tags":[],"_links":{"self":[{"href":"https:\/\/www.info.hazu.hr\/en\/wp-json\/wp\/v2\/posts\/14340"}],"collection":[{"href":"https:\/\/www.info.hazu.hr\/en\/wp-json\/wp\/v2\/posts"}],"about":[{"href":"https:\/\/www.info.hazu.hr\/en\/wp-json\/wp\/v2\/types\/post"}],"author":[{"embeddable":true,"href":"https:\/\/www.info.hazu.hr\/en\/wp-json\/wp\/v2\/users\/9"}],"replies":[{"embeddable":true,"href":"https:\/\/www.info.hazu.hr\/en\/wp-json\/wp\/v2\/comments?post=14340"}],"version-history":[{"count":1,"href":"https:\/\/www.info.hazu.hr\/en\/wp-json\/wp\/v2\/posts\/14340\/revisions"}],"predecessor-version":[{"id":14343,"href":"https:\/\/www.info.hazu.hr\/en\/wp-json\/wp\/v2\/posts\/14340\/revisions\/14343"}],"wp:featuredmedia":[{"embeddable":true,"href":"https:\/\/www.info.hazu.hr\/en\/wp-json\/wp\/v2\/media\/14341"}],"wp:attachment":[{"href":"https:\/\/www.info.hazu.hr\/en\/wp-json\/wp\/v2\/media?parent=14340"}],"wp:term":[{"taxonomy":"category","embeddable":true,"href":"https:\/\/www.info.hazu.hr\/en\/wp-json\/wp\/v2\/categories?post=14340"},{"taxonomy":"post_tag","embeddable":true,"href":"https:\/\/www.info.hazu.hr\/en\/wp-json\/wp\/v2\/tags?post=14340"}],"curies":[{"name":"wp","href":"https:\/\/api.w.org\/{rel}","templated":true}]}}