{"id":13469,"date":"2021-09-14T14:52:27","date_gmt":"2021-09-14T12:52:27","guid":{"rendered":"https:\/\/www.info.hazu.hr\/?p=13469"},"modified":"2021-09-14T14:53:36","modified_gmt":"2021-09-14T12:53:36","slug":"predsjednik-hazu-akademik-velimir-neidhardt-primio-gradonacelnika-krizevaca-marija-rajna","status":"publish","type":"post","link":"https:\/\/www.info.hazu.hr\/en\/2021\/09\/predsjednik-hazu-akademik-velimir-neidhardt-primio-gradonacelnika-krizevaca-marija-rajna\/","title":{"rendered":"Predsjednik HAZU akademik Velimir Neidhardt primio gradona\u010delnika Kri\u017eevaca Marija Rajna"},"content":{"rendered":"<p>Predsjednik Hrvatske akademije znanosti i umjetnosti<strong> akademik Velimir Neidhardt<\/strong> primio je u utorak 14. rujna 2021. u pala\u010di HAZU gradona\u010delnika Grada Kri\u017eevaca <strong>Marija Rajna<\/strong>. Glavna tema razgovora bilo je djelovanje Zavoda za znanstvenoistra\u017eiva\u010dki i umjetni\u010dki rad u Koprivni\u010dko \u2013 kri\u017eeva\u010dkoj \u017eupaniji koji djeluje u Kri\u017eevcima. Uz akademika Neidhardta na sastanku su bili i glavni tajnik HAZU <strong>akademik Dario Vretenar<\/strong>, <strong>akademik \u017deljko Cvetni\u0107<\/strong> i tajnica HAZU <strong>Sara-Sanela Butorac<\/strong>.<\/p>\n","protected":false},"excerpt":{"rendered":"<p>Predsjednik Hrvatske akademije znanosti i umjetnosti akademik Velimir Neidhardt primio je u utorak 14. rujna 2021. u pala\u010di HAZU gradona\u010delnika Grada Kri\u017eevaca Marija Rajna. Glavna tema razgovora bilo je djelovanje Zavoda za znanstvenoistra\u017eiva\u010dki i umjetni\u010dki rad u Koprivni\u010dko \u2013 kri\u017eeva\u010dkoj \u017eupaniji koji djeluje u Kri\u017eevcima. Uz akademika Neidhardta na sastanku su bili i glavni tajnik HAZU akademik Dario Vretenar, akademik \u017deljko Cvetni\u0107 i tajnica HAZU Sara-Sanela Butorac.\u00a0<\/p>\n","protected":false},"author":9,"featured_media":13470,"comment_status":"closed","ping_status":"open","sticky":false,"template":"","format":"standard","meta":[],"categories":[74],"tags":[],"_links":{"self":[{"href":"https:\/\/www.info.hazu.hr\/en\/wp-json\/wp\/v2\/posts\/13469"}],"collection":[{"href":"https:\/\/www.info.hazu.hr\/en\/wp-json\/wp\/v2\/posts"}],"about":[{"href":"https:\/\/www.info.hazu.hr\/en\/wp-json\/wp\/v2\/types\/post"}],"author":[{"embeddable":true,"href":"https:\/\/www.info.hazu.hr\/en\/wp-json\/wp\/v2\/users\/9"}],"replies":[{"embeddable":true,"href":"https:\/\/www.info.hazu.hr\/en\/wp-json\/wp\/v2\/comments?post=13469"}],"version-history":[{"count":1,"href":"https:\/\/www.info.hazu.hr\/en\/wp-json\/wp\/v2\/posts\/13469\/revisions"}],"predecessor-version":[{"id":13472,"href":"https:\/\/www.info.hazu.hr\/en\/wp-json\/wp\/v2\/posts\/13469\/revisions\/13472"}],"wp:featuredmedia":[{"embeddable":true,"href":"https:\/\/www.info.hazu.hr\/en\/wp-json\/wp\/v2\/media\/13470"}],"wp:attachment":[{"href":"https:\/\/www.info.hazu.hr\/en\/wp-json\/wp\/v2\/media?parent=13469"}],"wp:term":[{"taxonomy":"category","embeddable":true,"href":"https:\/\/www.info.hazu.hr\/en\/wp-json\/wp\/v2\/categories?post=13469"},{"taxonomy":"post_tag","embeddable":true,"href":"https:\/\/www.info.hazu.hr\/en\/wp-json\/wp\/v2\/tags?post=13469"}],"curies":[{"name":"wp","href":"https:\/\/api.w.org\/{rel}","templated":true}]}}