{"id":12529,"date":"2021-08-01T10:10:30","date_gmt":"2021-08-01T08:10:30","guid":{"rendered":"https:\/\/www.info.hazu.hr\/?p=12529"},"modified":"2021-08-02T09:19:56","modified_gmt":"2021-08-02T07:19:56","slug":"umro-paul-garde-dopisni-clan-hazu","status":"publish","type":"post","link":"https:\/\/www.info.hazu.hr\/en\/2021\/08\/umro-paul-garde-dopisni-clan-hazu\/","title":{"rendered":"Umro Paul Garde, dopisni \u010dlan HAZU"},"content":{"rendered":"<p>U utorak 27. srpnja u Parizu je u 95. godini umro <strong>Paul Garde<\/strong>, istaknuti francuski slavist, dopisni \u010dlan Hrvatske akademije znanosti i umjetnosti. Rodio se u Avignonu 18. prosinca 1926., a klasi\u010dne jezike i slavistiku studirao je u Montpellieru, Parizu i Strasbourgu. Bio je profesor slavistike na Provansalskom sveu\u010dili\u0161tu u Aix-en-Provence od 1964. do 1989., izvrstan poznavatelj slavenskih jezika, knji\u017eevnosti i kultura, pa tako i ju\u017enoslavenskih jezika i sociolingvisti\u010dkih prilika na prostorima jugoisto\u010dne Europe. Slavenske je jezike podjednako prou\u010davao u poredbenopovijesnoj i u sinkronijskoj perspektivi. Kao jedan od vode\u0107ih slavista predavao je u niz navrata na sveu\u010dili\u0161tima u SAD-u te na sveu\u010dili\u0161tima raznih europskih zemalja.<\/p>\n<p>U vrijeme raspada Jugoslavije i srpske agresije na Hrvatsku Paul Garde je u francuskim glasilima objektivno i nepristrano ra\u0161\u010dlanjivao uzroke sukoba te znatno pridonio da se u Francuskoj sazna prava istina ne samo o tim doga\u0111ajima, nego i o politi\u010dkim, civilizacijskim, kulturnim, gospodarskim i povijesnim uzrocima sloma Jugoslavije. Toj su tematici posve\u0107ene knjige <em>Vie et mort de la Yougoslavie<\/em> (\u017divot i smrt Jugoslavije) iz 1992., <em>Les Balkans<\/em> (Balkan) iz 1994. te <em>Journal de voyage en Bosnie-Herz\u00e9govine: octobre 1994<\/em> (Putopis u Bosnu i Hercegovinu: listopad 1994.) iz 1995. Posljednja Gardeova knjiga <em>Le discours balkanique<\/em> (Balkanski diskurs) iz 2004. promatra ju\u017enoslavenski kulturnopovijesni, geopoliti\u010dki i jezi\u010dni kompleks u \u0161irem balkanskom i jugoisto\u010dnoeuropskom kontekstu.<\/p>\n<p>Za dopisnog \u010dlana Hrvatske akademije znanosti i umjetnosti Paul Garde je izabran 2006. Zbog doprinosa razvoju kulturnih i drugih veza izme\u0111u Francuske i Hrvatske odlikovan je 2005. Redom Danice Hrvatske s likom Marka Maruli\u0107a.<\/p>\n<p>&nbsp;<\/p>\n","protected":false},"excerpt":{"rendered":"<p>U utorak 27. srpnja u Parizu je u 95. godini umro Paul Garde, istaknuti francuski slavist, dopisni \u010dlan Hrvatske akademije znanosti i umjetnosti od 2006. Rodio se u Avignonu 18. prosinca 1926, Bio je profesor slavistike na Provansalskom sveu\u010dili\u0161tu u Aix-en-Provence od 1964. do 1989. U vrijeme raspada Jugoslavije i srpske agresije na Hrvatsku Paul Garde je u francuskim glasilima objektivno i nepristrano ra\u0161\u010dlanjivao uzroke sukoba te znatno pridonio da se u Francuskoj sazna prava istina ne samo o tim doga\u0111ajima, nego i o politi\u010dkim, civilizacijskim, kulturnim, gospodarskim i povijesnim uzrocima sloma Jugoslavije. <\/p>\n","protected":false},"author":9,"featured_media":12530,"comment_status":"closed","ping_status":"open","sticky":false,"template":"","format":"standard","meta":[],"categories":[74],"tags":[],"_links":{"self":[{"href":"https:\/\/www.info.hazu.hr\/en\/wp-json\/wp\/v2\/posts\/12529"}],"collection":[{"href":"https:\/\/www.info.hazu.hr\/en\/wp-json\/wp\/v2\/posts"}],"about":[{"href":"https:\/\/www.info.hazu.hr\/en\/wp-json\/wp\/v2\/types\/post"}],"author":[{"embeddable":true,"href":"https:\/\/www.info.hazu.hr\/en\/wp-json\/wp\/v2\/users\/9"}],"replies":[{"embeddable":true,"href":"https:\/\/www.info.hazu.hr\/en\/wp-json\/wp\/v2\/comments?post=12529"}],"version-history":[{"count":5,"href":"https:\/\/www.info.hazu.hr\/en\/wp-json\/wp\/v2\/posts\/12529\/revisions"}],"predecessor-version":[{"id":12538,"href":"https:\/\/www.info.hazu.hr\/en\/wp-json\/wp\/v2\/posts\/12529\/revisions\/12538"}],"wp:featuredmedia":[{"embeddable":true,"href":"https:\/\/www.info.hazu.hr\/en\/wp-json\/wp\/v2\/media\/12530"}],"wp:attachment":[{"href":"https:\/\/www.info.hazu.hr\/en\/wp-json\/wp\/v2\/media?parent=12529"}],"wp:term":[{"taxonomy":"category","embeddable":true,"href":"https:\/\/www.info.hazu.hr\/en\/wp-json\/wp\/v2\/categories?post=12529"},{"taxonomy":"post_tag","embeddable":true,"href":"https:\/\/www.info.hazu.hr\/en\/wp-json\/wp\/v2\/tags?post=12529"}],"curies":[{"name":"wp","href":"https:\/\/api.w.org\/{rel}","templated":true}]}}