{"id":12445,"date":"2021-07-28T12:45:48","date_gmt":"2021-07-28T10:45:48","guid":{"rendered":"https:\/\/www.info.hazu.hr\/?p=12445"},"modified":"2021-07-29T13:48:20","modified_gmt":"2021-07-29T11:48:20","slug":"umro-akademik-ruben-radica","status":"publish","type":"post","link":"https:\/\/www.info.hazu.hr\/en\/2021\/07\/umro-akademik-ruben-radica\/","title":{"rendered":"Umro akademik Ruben Radica"},"content":{"rendered":"<p>U srijedu 28. srpnja 2021. u Zagrebu je u 91. godini \u017eivota umro istaknuti hrvatski skladatelj<strong> akademik R<\/strong><strong>uben Radica<\/strong>, redoviti \u010dlan Hrvatske akademije znanosti i umjetnosti.<\/p>\n<p>Rodio se 19. svibnja 1931. u Splitu, a temeljna glazbena znanja dobio je od svoga djeda, skladatelja Josipa Hatzea. Na Muzi\u010dkoj akademiji u Zagrebu diplomirao je studij dirigiranja u razredu Slavka Zlati\u0107a (1957.) i studij kompozicije u razredu Milka Kelemena (1958.). U komoziciji se usavr\u0161avao kod Vita Frazzia u Sieni (Accademia Musicale Chigiana), Ren\u00e9a Leibowitza i Oliviera Messiaena u Parizu, te kod Gy\u00f6rgya Ligetija, Pierrea Bouleza i Henrija Pousseura u Darmstadtu (Internationale Ferienkurse f\u00fcr Neue Musik). Od 1959. do 1963. podu\u010davao je na Muzi\u010dkoj akademiji u Sarajevu, a od 1963. na Muzi\u010dkoj akademiji u Zagrebu, gdje je od 1978. do umirovljenja 2001. bio redoviti profesor i dekan od 1981. do 1985. Od 2012. bio je professor emeritus Sveu\u010dili\u0161ta u Zagrebu.<\/p>\n<p>Za redovitog \u010dlana Hrvatske akademije znanosti i umjetnosti izabran je 2000., a od 1990. bio je \u010dlan suradnik.<\/p>\n<p>Akademik Ruben Radica pripadao je nara\u0161taju hrvatskih skladatelja 20. stolje\u0107a koji je bez optere\u0107enja tradicijom i socrealisti\u010dkom estetikom pribjegao radikalnijim izra\u017eajnim sredstvima glazbene avangarde. Radi\u010dina se avangardna strogo\u0107a ogleda u upornosti kojom serijalizam (totalnu organizaciju) produbljuje do krajnjih granica (npr. opera <em>Ranjeni dlan<\/em>, 1969.\u20131971; <em>Per se I<\/em>, 1968., i <em>Per se II<\/em>, 1975.). U prvim njegovim djelima jo\u0161 se naziru harmonijski funkcionalni odnosi, no pod Leibowitzovim utjecajem brzo je izgradio osebujan skladateljski stil u kojem se isti\u010de strukturalisti\u010dka koncepcija skladane glazbe. U pozadini takvog skladateljskog koncepta stoje i potreba za ekspresivno\u0161\u0107u i izraziti smisao za zvu\u010dni kolorit. Radica je skladao za razli\u010dite izvoditeljske sastave i \u017eanrove, poput <em>\u010cetiri dramatska epigrama za klavirski kvintet<\/em> (1959.) i <em>Concerto abbreviato za obligatni violon\u010delo i orkestar <\/em>(1962.), preko djela <em>Lirske varijacije za guda\u010de<\/em> (1962.), <em>Extensio za klavir i orkestar<\/em> (1973.), <em>19 &amp; 10, interferencije za recitatora, zbor i orkestar<\/em> (1965.), <em>K a<\/em> za dvije instrumentalne skupine i sintetizator (1978.) i <em>Pasija za bariton i tri instrumentalne skupine<\/em> (1982.), do svojevrsnih sinteza poput <em>Prazora<\/em>, misterija prema poemi Jure Ka\u0161telana (1991.), <em>Trinaeste ure za tri zbora i orkestar <\/em>na stihove A. G. Mato\u0161a (1994.) ili <em>Bo\u017eanskih otvora srca za orkestar i obligatne instrumente<\/em> (1999.).\u00a0Duboka Radi\u010dina pro\u017eivljenost hrvatske kalvarije u Domovinskom ratu, o\u010ditovala se posebno u scenskom misteriju <em>Prazor <\/em>(1990.), posve\u0107enom \u201emu\u010deni\u0161tvu odabranih\u201c te skladbi <em>Skru\u0161eno<\/em> (1992.), posve\u0107enoj vukovarskim \u017ertvama. Napisao je i posljednju slu\u017ebenu harmonizaciju hrvatske nacionalne himne.<\/p>\n<p>Posljednje djelo akademika Rubena Radice je instrumentalna duhovna skladba <em>Litaniae Sanctorum pro Papa Ioanne Paulo <\/em>iz 2005. posve\u0107ena papi Ivanu Pavlu II.<\/p>\n<p>Za svoj rad akademik Radica bio je nagra\u0111en godi\u0161njom Nagradom <em>Vladimir Nazor<\/em> za 1973., kao i Nagradom <em>Vladimir Nazor<\/em> za \u017eivotno djelo za 2010., dobitnik je dviju Vjesnikovih nagrada <em>Josip \u0160tolcer Slavenski<\/em> (1978. i 1991.), a odlikovan je i Redom Danice hrvatske s likom Marka Maruli\u0107a 1995.<\/p>\n","protected":false},"excerpt":{"rendered":"<p>U srijedu 28. srpnja 2021. u Zagrebu je u 91. godini \u017eivota umro istaknuti hrvatski skladatelj akademik Ruben Radica, redoviti \u010dlan Hrvatske akademije znanosti i umjetnosti od 2000. Rodio se 19. svibnja 1931. u Splitu, a temeljna glazbena znanja dobio je od svoga djeda, skladatelja Josipa Hatzea. Na Muzi\u010dkoj akademiji u Zagrebu diplomirao je studij dirigiranja u razredu Slavka Zlati\u0107a (1957.) i studij kompozicije u razredu Milka Kelemena (1958.). Od 1959. do 1963. podu\u010davao je na Muzi\u010dkoj akademiji u Sarajevu, a od 1963. na Muzi\u010dkoj akademiji u Zagrebu, gdje je od 1978. do umirovljenja 2001. bio redoviti profesor i dekan od 1981. do 1985. <\/p>\n","protected":false},"author":9,"featured_media":12446,"comment_status":"closed","ping_status":"open","sticky":false,"template":"","format":"standard","meta":[],"categories":[74],"tags":[],"_links":{"self":[{"href":"https:\/\/www.info.hazu.hr\/en\/wp-json\/wp\/v2\/posts\/12445"}],"collection":[{"href":"https:\/\/www.info.hazu.hr\/en\/wp-json\/wp\/v2\/posts"}],"about":[{"href":"https:\/\/www.info.hazu.hr\/en\/wp-json\/wp\/v2\/types\/post"}],"author":[{"embeddable":true,"href":"https:\/\/www.info.hazu.hr\/en\/wp-json\/wp\/v2\/users\/9"}],"replies":[{"embeddable":true,"href":"https:\/\/www.info.hazu.hr\/en\/wp-json\/wp\/v2\/comments?post=12445"}],"version-history":[{"count":8,"href":"https:\/\/www.info.hazu.hr\/en\/wp-json\/wp\/v2\/posts\/12445\/revisions"}],"predecessor-version":[{"id":12483,"href":"https:\/\/www.info.hazu.hr\/en\/wp-json\/wp\/v2\/posts\/12445\/revisions\/12483"}],"wp:featuredmedia":[{"embeddable":true,"href":"https:\/\/www.info.hazu.hr\/en\/wp-json\/wp\/v2\/media\/12446"}],"wp:attachment":[{"href":"https:\/\/www.info.hazu.hr\/en\/wp-json\/wp\/v2\/media?parent=12445"}],"wp:term":[{"taxonomy":"category","embeddable":true,"href":"https:\/\/www.info.hazu.hr\/en\/wp-json\/wp\/v2\/categories?post=12445"},{"taxonomy":"post_tag","embeddable":true,"href":"https:\/\/www.info.hazu.hr\/en\/wp-json\/wp\/v2\/tags?post=12445"}],"curies":[{"name":"wp","href":"https:\/\/api.w.org\/{rel}","templated":true}]}}