{"id":12299,"date":"2021-07-20T15:53:08","date_gmt":"2021-07-20T13:53:08","guid":{"rendered":"https:\/\/www.info.hazu.hr\/?p=12299"},"modified":"2021-07-20T15:55:06","modified_gmt":"2021-07-20T13:55:06","slug":"pismo-premijera-plenkovica-u-vrijeme-najvecih-izazova-od-domovinskog-rata-hrvatska-akademija-ostaje-cimbenik-drustvenog-razvoja-i-stabilnosti-te-drustvene-odgovornosti","status":"publish","type":"post","link":"https:\/\/www.info.hazu.hr\/en\/2021\/07\/pismo-premijera-plenkovica-u-vrijeme-najvecih-izazova-od-domovinskog-rata-hrvatska-akademija-ostaje-cimbenik-drustvenog-razvoja-i-stabilnosti-te-drustvene-odgovornosti\/","title":{"rendered":"Pismo premijera Plenkovi\u0107a: U vrijeme najve\u0107ih izazova od Domovinskog rata HAZU ostaje \u010dimbenik dru\u0161tvenog razvoja i stabilnosti te dru\u0161tvene odgovornosti"},"content":{"rendered":"<p>Predsjednik Vlade Republike Hrvatske <strong>Andrej Plenkovi\u0107 <\/strong>zahvalio je 15. srpnja 2021. glavnom tajniku Hrvatske akademije znanosti i umjetnosti <strong>akademiku Dariju Vretenaru<\/strong> na knjigama <em>Ustavne promjene i politi\u010dke nagodbe<\/em> \u2013 <em>Republika Hrvatska izme\u0111u ustavne demokracije i populizma i Pravo tr\u017ei\u0161nog natjecanja u Republici Hrvatskoj i u Europskoj uniji<\/em> koje su objavljene kao 60. i 62. knjiga Akademijinog nakladni\u010dkog niza <em>Modernizacija prava<\/em>.<\/p>\n<p>\u201eHrvatska akademija znanosti i umjetnosti nakladni\u010dkom djelatno\u0161\u0107u nastavlja pridonositi razvoju ustavnopravnog poretka Hrvatske, prepoznaju\u0107i pritom i nove izazove koji proizlaze iz promijenjenih okolnosti prirodnih nepogoda: potresa i pandemije. U vrijeme najve\u0107ih izazova od Domovinskog rata, Akademija ostaje \u010dimbenik dru\u0161tvenog razvoja i stabilnosti te dru\u0161tvene odgovornosti i daje svoj obol proslavi 30. obljetnice usvajanja Ustava Republike Hrvatske. Vlada pridaje veliku va\u017enost stabilnosti ustavnopravnog poretka koja je klju\u010dna za djelotvorno upravljanje u krizama. Ustav, kao temeljni pravni akt, \u010dini upori\u0161te za agilnost te otpornost dr\u017eave i dru\u0161tva na izazove. Istodobno, preduvjet je gospodarskog oporavka i obnove Hrvatske u narednom razdoblju. Na tome putu pomo\u0107i \u0107e nam zna\u010dajna europska sredstva koja smo osigurali, kao i puna integracija Hrvatske u Europsku uniju kroz ulazak u Schengenski prostor i u Europodru\u010dje u idu\u0107e dvije godine. Siguran sam da \u0107emo nastaviti graditi razvijeniju i otporniju Hrvatsku te Vas pozivam da nastavite davati svoj doprinos ostvarenju toga cilja\u201c, poru\u010dio je u svom pismu premijer Plenkovi\u0107.<\/p>\n<p>Knjige u nakladni\u010dkom nizu <em>Modernizacija prava<\/em> zbornici su radova s okruglih stolova koje od 2005. organizira Znanstveno vije\u0107e za dr\u017eavnu upravu, pravosu\u0111e i vladavinu prava kojem je predsjednik <a href=\"https:\/\/www.info.hazu.hr\/clanovi\/barbic-jaksa\/\"><strong>akademik Jak\u0161a Barbi\u0107<\/strong><\/a>, ujedno i urednik gotovo svih dosad objavljenih knjiga. Te knjige Hrvatska akademija redovito \u0161alje predsjedniku Republike, predsjedniku Vlade, predsjedniku Hrvatskog sabora, Knji\u017enici Sabora, klubovima zastupnika u Saboru te resornim ministrima. Knjige se nalaze u knji\u017enicama svih pravnih fakulteta u Hrvatskoj te u knji\u017enici Max Planck Instituta za poredbeno i me\u0111unarodno privatno pravo u Hamburgu, jednom od vode\u0107ih u svijetu.<\/p>\n<p><img src=\"https:\/\/www.info.hazu.hr\/wp-content\/uploads\/2021\/06\/Modernizacija-prava-62.jpg\" alt=\"Okrugli stol Pravo tr\u017ei\u0161nog natjecanja u Republici Hrvatskoj i u Europskoj uniji (2021 ; Zagreb)\" \/>\u00a0 <img src=\"https:\/\/www.info.hazu.hr\/wp-content\/uploads\/2021\/05\/Modernizacija-prava-55.jpg\" alt=\"Okrugli stol Slu\u017ebe od op\u0107eg interesa u pravu i politici Europske unije i njihov utjecaj na Republiku Hrvatsku (2020 ; Zagreb)\" \/><\/p>\n","protected":false},"excerpt":{"rendered":"<p>Predsjednik Vlade Republike Hrvatske Andrej Plenkovi\u0107 zahvalio je 15. srpnja 2021. glavnom tajniku Hrvatske akademije znanosti i umjetnosti akademiku Dariju Vretenaru na knjigama Ustavne promjene i politi\u010dke nagodbe \u2013 Republika Hrvatska izme\u0111u ustavne demokracije i populizma i Pravo tr\u017ei\u0161nog natjecanja u Republici Hrvatskoj i u Europskoj uniji koje su objavljene kao 60. i 62. knjiga Akademijinog nakladni\u010dkog niza Modernizacija prava. <\/p>\n","protected":false},"author":9,"featured_media":12300,"comment_status":"closed","ping_status":"open","sticky":false,"template":"","format":"standard","meta":[],"categories":[74],"tags":[],"_links":{"self":[{"href":"https:\/\/www.info.hazu.hr\/en\/wp-json\/wp\/v2\/posts\/12299"}],"collection":[{"href":"https:\/\/www.info.hazu.hr\/en\/wp-json\/wp\/v2\/posts"}],"about":[{"href":"https:\/\/www.info.hazu.hr\/en\/wp-json\/wp\/v2\/types\/post"}],"author":[{"embeddable":true,"href":"https:\/\/www.info.hazu.hr\/en\/wp-json\/wp\/v2\/users\/9"}],"replies":[{"embeddable":true,"href":"https:\/\/www.info.hazu.hr\/en\/wp-json\/wp\/v2\/comments?post=12299"}],"version-history":[{"count":4,"href":"https:\/\/www.info.hazu.hr\/en\/wp-json\/wp\/v2\/posts\/12299\/revisions"}],"predecessor-version":[{"id":12305,"href":"https:\/\/www.info.hazu.hr\/en\/wp-json\/wp\/v2\/posts\/12299\/revisions\/12305"}],"wp:featuredmedia":[{"embeddable":true,"href":"https:\/\/www.info.hazu.hr\/en\/wp-json\/wp\/v2\/media\/12300"}],"wp:attachment":[{"href":"https:\/\/www.info.hazu.hr\/en\/wp-json\/wp\/v2\/media?parent=12299"}],"wp:term":[{"taxonomy":"category","embeddable":true,"href":"https:\/\/www.info.hazu.hr\/en\/wp-json\/wp\/v2\/categories?post=12299"},{"taxonomy":"post_tag","embeddable":true,"href":"https:\/\/www.info.hazu.hr\/en\/wp-json\/wp\/v2\/tags?post=12299"}],"curies":[{"name":"wp","href":"https:\/\/api.w.org\/{rel}","templated":true}]}}